{"id":74013,"date":"2026-04-29T12:00:00","date_gmt":"2026-04-29T10:00:00","guid":{"rendered":"https:\/\/www.aeemt.org\/web\/?p=74013"},"modified":"2026-04-29T13:21:42","modified_gmt":"2026-04-29T11:21:42","slug":"guia-de-actuacion-medica-en-vacunacion-para-el-entorno-laboral-2026","status":"publish","type":"post","link":"https:\/\/www.aeemt.org\/web\/2026\/04\/29\/guia-de-actuacion-medica-en-vacunacion-para-el-entorno-laboral-2026\/","title":{"rendered":"Gu\u00eda de Actuaci\u00f3n M\u00e9dica en Vacunaci\u00f3n para el Entorno Laboral. 2026."},"content":{"rendered":"<p>[vc_row rt_row_background_width=\u00bbdefault\u00bb rt_row_style=\u00bbdefault-style\u00bb rt_column_placement=\u00bbmiddle\u00bb rt_row_borders=\u00bb\u00bb rt_row_paddings=\u00bbtrue\u00bb rt_bg_effect=\u00bbclassic\u00bb rt_bg_image_repeat=\u00bbrepeat\u00bb rt_bg_size=\u00bbcover\u00bb rt_bg_position=\u00bbright top\u00bb rt_bg_attachment=\u00bbscroll\u00bb rt_bg_video_format=\u00bbself-hosted\u00bb][vc_column width=\u00bb1\/2&#8243; rt_wrp_col_paddings=\u00bbfalse\u00bb rt_border_top=\u00bb\u00bb rt_border_bottom=\u00bb\u00bb rt_border_left=\u00bb\u00bb rt_border_right=\u00bb\u00bb rt_border_top_mobile=\u00bb\u00bb rt_border_bottom_mobile=\u00bb\u00bb rt_border_left_mobile=\u00bb\u00bb rt_border_right_mobile=\u00bb\u00bb rt_bg_image_repeat=\u00bbrepeat\u00bb rt_bg_size=\u00bbauto auto\u00bb rt_bg_position=\u00bbright top\u00bb rt_bg_attachment=\u00bbscroll\u00bb][vc_column_text css=\u00bb\u00bb]<\/p>\n<p style=\"text-align: center;\"><img loading=\"lazy\" decoding=\"async\" class=\"alignnone wp-image-3534 \" src=\"https:\/\/www.aeemt.org\/web\/wp-content\/uploads\/2017\/05\/logoDibujado-296x300.png\" alt=\"\" width=\"158\" height=\"160\" srcset=\"https:\/\/www.aeemt.org\/web\/wp-content\/uploads\/2017\/05\/logoDibujado-296x300.png 296w, https:\/\/www.aeemt.org\/web\/wp-content\/uploads\/2017\/05\/logoDibujado-100x100.png 100w, https:\/\/www.aeemt.org\/web\/wp-content\/uploads\/2017\/05\/logoDibujado.png 402w\" sizes=\"(max-width: 158px) 100vw, 158px\" \/><\/p>\n<p>[\/vc_column_text][\/vc_column][vc_column width=\u00bb1\/2&#8243; rt_wrp_col_paddings=\u00bbfalse\u00bb rt_border_top=\u00bb\u00bb rt_border_bottom=\u00bb\u00bb rt_border_left=\u00bb\u00bb rt_border_right=\u00bb\u00bb rt_border_top_mobile=\u00bb\u00bb rt_border_bottom_mobile=\u00bb\u00bb rt_border_left_mobile=\u00bb\u00bb rt_border_right_mobile=\u00bb\u00bb rt_bg_image_repeat=\u00bbrepeat\u00bb rt_bg_size=\u00bbauto auto\u00bb rt_bg_position=\u00bbright top\u00bb rt_bg_attachment=\u00bbscroll\u00bb][vc_column_text css=\u00bb\u00bb]<\/p>\n<p style=\"text-align: center;\"><a href=\"https:\/\/www.cun.es\/sedes\/sede-madrid\" target=\"_blank\" rel=\"noopener\"><img loading=\"lazy\" decoding=\"async\" class=\"wp-image-73820 size-medium aligncenter\" src=\"https:\/\/www.aeemt.org\/web\/wp-content\/uploads\/2026\/04\/logo-negro-cun-transp-300x137.png\" alt=\"\" width=\"300\" height=\"137\" srcset=\"https:\/\/www.aeemt.org\/web\/wp-content\/uploads\/2026\/04\/logo-negro-cun-transp-300x137.png 300w, https:\/\/www.aeemt.org\/web\/wp-content\/uploads\/2026\/04\/logo-negro-cun-transp-768x352.png 768w, https:\/\/www.aeemt.org\/web\/wp-content\/uploads\/2026\/04\/logo-negro-cun-transp-600x275.png 600w, https:\/\/www.aeemt.org\/web\/wp-content\/uploads\/2026\/04\/logo-negro-cun-transp.png 851w\" sizes=\"(max-width: 300px) 100vw, 300px\" \/><\/a><\/p>\n<p>[\/vc_column_text][\/vc_column][\/vc_row][vc_row rt_row_background_width=\u00bbdefault\u00bb rt_row_style=\u00bbdefault-style\u00bb rt_row_borders=\u00bb\u00bb rt_row_paddings=\u00bbtrue\u00bb rt_bg_effect=\u00bbclassic\u00bb rt_bg_image_repeat=\u00bbrepeat\u00bb rt_bg_size=\u00bbcover\u00bb rt_bg_position=\u00bbright top\u00bb rt_bg_attachment=\u00bbscroll\u00bb rt_bg_video_format=\u00bbself-hosted\u00bb][vc_column width=\u00bb1\/2&#8243; rt_wrp_col_paddings=\u00bbfalse\u00bb rt_border_top=\u00bb\u00bb rt_border_bottom=\u00bb\u00bb rt_border_left=\u00bb\u00bb rt_border_right=\u00bb\u00bb rt_border_top_mobile=\u00bb\u00bb rt_border_bottom_mobile=\u00bb\u00bb rt_border_left_mobile=\u00bb\u00bb rt_border_right_mobile=\u00bb\u00bb rt_bg_image_repeat=\u00bbrepeat\u00bb rt_bg_size=\u00bbauto auto\u00bb rt_bg_position=\u00bbright top\u00bb rt_bg_attachment=\u00bbscroll\u00bb][vc_column_text css=\u00bb\u00bb]<\/p>\n<p style=\"text-align: justify;\">La <strong>Asociaci\u00f3n de Especialistas en Medicina del Trabajo<\/strong> en colaboraci\u00f3n con la <strong>Cl\u00ednica Universitaria de Navarra<\/strong> ha elaborado la <strong>Gu\u00eda de Actuaci\u00f3n M\u00e9dica en Vacunaci\u00f3n para el Entorno Laboral.<\/strong><\/p>\n<p style=\"text-align: justify;\">La Gu\u00eda nace como una herramienta pr\u00e1ctica, basada en la evidencia para integrar la vacunaci\u00f3n en la Medicina del Trabajo. En un contexto donde la inmunizaci\u00f3n del adulto requiere mayor protagonismo, el entorno laboral se posiciona como un escenario clave para la prevenci\u00f3n. Este programa re\u00fane a parte de sus autores para reflexionar sobre su aplicaci\u00f3n cl\u00ednica, organizativa y apoyada en nuevas herramientas como la inteligencia artificial.<\/p>\n<p><strong>Edita: <em>Alejandro Fern\u00e1ndez Montero<\/em> <\/strong><br \/>\n<strong>ISBN: 978-84-09-85897-2 <\/strong>[\/vc_column_text][vc_column_text css=\u00bb\u00bb]<strong>Pod\u00e9is descargar la Gu\u00eda en el siguiente enlace<br \/>\n<\/strong>[\/vc_column_text][vc_column_text css_animation=\u00bbtop-to-bottom\u00bb css=\u00bb\u00bb]<\/p>\n<p style=\"text-align: center;\"><div class=\"button_wrapper  aligncenter\"><a  href=\"https:\/\/www.aeemt.org\/Documentos%20GF\/Guias%20y%20protocolos\/Gui%CC%81a%20de%20Actuacio%CC%81n%20Me%CC%81dica%20en%20Vacunacio%CC%81n%20para%20el%20Entorno%20Laboral.pdf\" target=\"_blank\" title=\"Gu\u00eda de Actuaci\u00f3n M\u00e9dica en Vacunaci\u00f3n para el Entorno Laboral PDF\" class=\"button_  default big\"><strong>Gu\u00eda de Actuaci\u00f3n M\u00e9dica en Vacunaci\u00f3n para el Entorno Laboral PDF<\/strong><\/a><\/div>\n<p>[\/vc_column_text][vc_column_text css=\u00bb\u00bb]Durante la Jornada, se presentar\u00e1 adem\u00e1s la aplicaci\u00f3n de Inteligencia Artificial, <strong>\u00abMonterIA\u00bb<\/strong>\u00a0 (VacunApp &#8211; Gu\u00eda Cl\u00ednica &#8211; Medicina del Trabajo).<\/p>\n<p>Os facilitamos a continuaci\u00f3n el enlace para registro y acceso a la misma.<\/p>\n<p style=\"text-align: center;\"><div class=\"button_wrapper  aligncenter\"><a  href=\"https:\/\/www.aeemt.org\/web\/2026\/04\/29\/acceso-y-registro-a-monteria-vacunapp-guia-clinica-medicina-del-trabajo\/\" target=\"_blank\" title=\"Acceso y registro a MonterIA - (VacunApp) Solo Socios\" class=\"button_  default big\">Acceso y registro a <strong>MonterIA -<\/strong> (VacunApp) <strong>Solo Socios<\/strong><\/a><\/div>\n<p>[\/vc_column_text][vc_column_text css=\u00bb\u00bb]<\/p>\n<p style=\"text-align: center;\"><a href=\"https:\/\/www.aeemt.org\/web\/2026\/04\/29\/acceso-y-registro-a-monteria-vacunapp-guia-clinica-medicina-del-trabajo\/\" target=\"_blank\" rel=\"noopener\"><img loading=\"lazy\" decoding=\"async\" class=\"alignnone wp-image-74041\" src=\"https:\/\/www.aeemt.org\/web\/wp-content\/uploads\/2026\/04\/pantalla-Vacun-APP-300x147.png\" alt=\"\" width=\"463\" height=\"227\" srcset=\"https:\/\/www.aeemt.org\/web\/wp-content\/uploads\/2026\/04\/pantalla-Vacun-APP-300x147.png 300w, https:\/\/www.aeemt.org\/web\/wp-content\/uploads\/2026\/04\/pantalla-Vacun-APP-1024x502.png 1024w, https:\/\/www.aeemt.org\/web\/wp-content\/uploads\/2026\/04\/pantalla-Vacun-APP-768x376.png 768w, https:\/\/www.aeemt.org\/web\/wp-content\/uploads\/2026\/04\/pantalla-Vacun-APP-1536x753.png 1536w, https:\/\/www.aeemt.org\/web\/wp-content\/uploads\/2026\/04\/pantalla-Vacun-APP-600x294.png 600w, https:\/\/www.aeemt.org\/web\/wp-content\/uploads\/2026\/04\/pantalla-Vacun-APP.png 1891w\" sizes=\"(max-width: 463px) 100vw, 463px\" \/><\/a><\/p>\n<p>[\/vc_column_text][\/vc_column][vc_column width=\u00bb1\/2&#8243; rt_wrp_col_paddings=\u00bbfalse\u00bb rt_border_top=\u00bb\u00bb rt_border_bottom=\u00bb\u00bb rt_border_left=\u00bb\u00bb rt_border_right=\u00bb\u00bb rt_border_top_mobile=\u00bb\u00bb rt_border_bottom_mobile=\u00bb\u00bb rt_border_left_mobile=\u00bb\u00bb rt_border_right_mobile=\u00bb\u00bb rt_bg_image_repeat=\u00bbrepeat\u00bb rt_bg_size=\u00bbauto auto\u00bb rt_bg_position=\u00bbright top\u00bb rt_bg_attachment=\u00bbscroll\u00bb][vc_column_text css=\u00bb\u00bb]<a href=\"https:\/\/www.aeemt.org\/Documentos%20GF\/Guias%20y%20protocolos\/Gui%CC%81a%20de%20Actuacio%CC%81n%20Me%CC%81dica%20en%20Vacunacio%CC%81n%20para%20el%20Entorno%20Laboral.pdf\" target=\"_blank\" rel=\"noopener\"><img loading=\"lazy\" decoding=\"async\" class=\"aligncenter wp-image-73866 size-full\" src=\"https:\/\/www.aeemt.org\/web\/wp-content\/uploads\/2026\/04\/Portada-Guia-de-actuacion-vacunas.png\" alt=\"\" width=\"537\" height=\"797\" srcset=\"https:\/\/www.aeemt.org\/web\/wp-content\/uploads\/2026\/04\/Portada-Guia-de-actuacion-vacunas.png 537w, https:\/\/www.aeemt.org\/web\/wp-content\/uploads\/2026\/04\/Portada-Guia-de-actuacion-vacunas-202x300.png 202w\" sizes=\"(max-width: 537px) 100vw, 537px\" \/><\/a>[\/vc_column_text][\/vc_column][\/vc_row][vc_row rt_row_background_width=\u00bbdefault\u00bb rt_row_style=\u00bbdefault-style\u00bb rt_row_borders=\u00bb\u00bb rt_row_paddings=\u00bbtrue\u00bb rt_bg_effect=\u00bbclassic\u00bb rt_bg_image_repeat=\u00bbrepeat\u00bb rt_bg_size=\u00bbcover\u00bb rt_bg_position=\u00bbright top\u00bb rt_bg_attachment=\u00bbscroll\u00bb rt_bg_video_format=\u00bbself-hosted\u00bb][vc_column width=\u00bb1\/2&#8243; rt_wrp_col_paddings=\u00bbfalse\u00bb rt_border_top=\u00bb\u00bb rt_border_bottom=\u00bb\u00bb rt_border_left=\u00bb\u00bb rt_border_right=\u00bb\u00bb rt_border_top_mobile=\u00bb\u00bb rt_border_bottom_mobile=\u00bb\u00bb rt_border_left_mobile=\u00bb\u00bb rt_border_right_mobile=\u00bb\u00bb rt_bg_image_repeat=\u00bbrepeat\u00bb rt_bg_size=\u00bbauto auto\u00bb rt_bg_position=\u00bbright top\u00bb rt_bg_attachment=\u00bbscroll\u00bb][vc_separator style=\u00bbstyle-4&#8243;][vc_column_text css=\u00bb\u00bb]<\/p>\n<p style=\"text-align: justify;\"><strong>EDITOR <\/strong><\/p>\n<p style=\"text-align: justify;\"><strong><em>Alejandro Fern\u00e1ndez Montero\u00a0 <\/em><\/strong>Especialista en Medicina del Trabajo. Servicio Mancomunado de Prevenci\u00f3n de Riesgos Laborales. Profesor Titular. Universidad de Navarra. Instituto de Investigaci\u00f3n Sanitaria de Navarra (IdiSNA).<\/p>\n<p style=\"text-align: justify;\"><strong>COORDINADORES DE CONTENIDO <\/strong><\/p>\n<p style=\"text-align: justify;\"><strong><em>Jos\u00e9 Lorenzo Bravo Grande <\/em><\/strong>Especialista en Medicina del Trabajo. Jefe de Servicio &#8211; (M\u00e9dico del Trabajo -Salud Laboral) \u2014 PRL- \u00c1rea de Salud de Salamanca (Hospital Universitario de Salamanca.). Profesor Asociado Departamento de Medicina (Universidad de Salamanca). Jefe de Estudios de la Unidad Docente Multiprofesional de Salud Laboral de Castilla y Le\u00f3n (SACYL). Presidente de la Comisi\u00f3n Nacional de la especialidad de Medicina del Trabajo (Ministerio de Sanidad).<\/p>\n<p style=\"text-align: justify;\"><strong><em>Jos\u00e9 Lu\u00eds del Pozo Le\u00f3n <\/em><\/strong>Servicio de Enfermedades Infecciosas. Servicio de Microbiolog\u00eda. Cl\u00ednica Universidad de Navarra. Instituto de Investigaci\u00f3n Sanitaria de Navarra (IdiSNA).<\/p>\n<p style=\"text-align: justify;\"><strong><em>Isabel Mar\u00eda Gal\u00e1n Mel\u00e9ndez <\/em><\/strong>Especialista en Medicina del Trabajo. Jefe del Servicio de Prevenci\u00f3n y Salud Laboral. Hospital Universitario Fundaci\u00f3n Alcorc\u00f3n.<\/p>\n<p style=\"text-align: justify;\"><strong><em>Carmen Mu\u00f1oz Ruiperez <\/em><\/strong>Especialista en Medicina del Trabajo. MD, PhD. Jefe del Servicio de Medicina del Trabajo y Prevenci\u00f3n de Riesgos Laborales. Hospital Universitario 12 de Octubre.<\/p>\n<p style=\"text-align: justify;\"><strong>AUTORES <\/strong><\/p>\n<p style=\"text-align: justify;\"><strong><em>Miguel \u00c1ngel Alonso L\u00f3pez <\/em><\/strong>Especialista en Medicina del Trabajo. Servicio de Medicina del Trabajo y Prevenci\u00f3n de Riesgos Laborales. Hospital Universitario 12 de Octubre.<\/p>\n<p style=\"text-align: justify;\"><strong><em>Mar\u00eda Teresa Alonso Mart\u00edn <\/em><\/strong>Especialista en Medicina del Trabajo. Servicio de Medicina del Trabajo y Prevenci\u00f3n de Riesgos Laborales. Hospital Universitario 12 de Octubre.<\/p>\n<p style=\"text-align: justify;\"><strong><em>Fares Amer Sinokrot <\/em><\/strong>Graduado en Farmacia. Doctor por la Universidad de Navarra.<\/p>\n<p style=\"text-align: justify;\"><strong><em>Marita del Pilar Asmat Inostrosa <\/em><\/strong>Especialista en Medicina del Trabajo. Servicio de Prevenci\u00f3n de Riesgos Laborales del CAULE. Complejo Asistencial Universitario de Le\u00f3n.<\/p>\n<p style=\"text-align: justify;\"><strong><em>Natalia Arizaga Lobeto <\/em><\/strong>M\u00e9dico Especialista en Medicina del Trabajo y Medicina Familiar y Comunitaria. Servicio de Prevenci\u00f3n de Riesgos Laborales. Hospital Universitario La Paz.<\/p>\n<p style=\"text-align: justify;\"><strong><em>Andr\u00e9s Blanco-Di Matteo <\/em><\/strong>Secci\u00f3n Enfermedades Infecciosas. Departamento de Medicina Interna. Hospital Universitario de Navarra.<\/p>\n<p style=\"text-align: justify;\"><strong><em>Jos\u00e9 Lorenzo Bravo Grande <\/em><\/strong><\/p>\n<p style=\"text-align: justify;\">Especialista en Medicina del Trabajo. Jefe de Servicio &#8211; (M\u00e9dico del Trabajo -Salud Laboral) \u2014 PRL- \u00c1rea de Salud de Salamanca (Hospital Universitario de Salamanca.). Profesor Asociado Departamento de Medicina (Universidad de Salamanca). Jefe de Estudios de la Unidad Docente Multiprofesional de Salud Laboral de Castilla y Le\u00f3n (SACYL). Presidente de la Comisi\u00f3n Nacional de la especialidad de Medicina del Trabajo (Ministerio de Sanidad).<\/p>\n<p style=\"text-align: justify;\"><strong><em>Juan Luis Cabanillas Moruno <\/em><\/strong>Secretario General de la Asociaci\u00f3n Espa\u00f1ola de Especialistas en Medicina del Trabajo. Inspector M\u00e9dico. Consejer\u00eda de Sanidad. Junta de Andaluc\u00eda. Profesor Asociado. Departamento de Medicina Preventiva y Salud P\u00fablica. Facultad de Medicina. Universidad de Sevilla.<\/p>\n<p style=\"text-align: justify;\"><strong><em>Irene Camacho Mu\u00f1oz <\/em><\/strong>M\u00e9dico Especialista en Medicina del Trabajo. Hospital General Universitario Gregorio Mara\u00f1\u00f3n.<\/p>\n<p style=\"text-align: justify;\"><strong><em>Teresa del Campo Balsa\u00a0 <\/em><\/strong>M\u00e9dico Especialista en Medicina del Trabajo. Vicepresidenta de AEEMT.<\/p>\n<p style=\"text-align: justify;\"><strong><em>Silvia Carlos Chiller\u00f3n<\/em> <\/strong>Especialista en Microbiolog\u00eda y Parasitolog\u00eda. Profesora titular. Departamento Medicina Preventiva y Salud P\u00fablica, Universidad de Navarra. Instituto de Investigaci\u00f3n Sanitaria de Navarra (IdiSNA)<\/p>\n<p style=\"text-align: justify;\"><strong><em>Nerea Carrasco Ant\u00f3n <\/em><\/strong>Especialista en Medicina Interna. Servicio de Enfermedades Infecciosas. Cl\u00ednica Universidad de Navarra.<\/p>\n<p style=\"text-align: justify;\"><strong><em>Jos\u00e9 Lu\u00eds del Pozo Le\u00f3n <\/em><\/strong>Servicio de Enfermedades Infecciosas. Servicio de Microbiolog\u00eda. Cl\u00ednica Universidad de Navarra. Instituto de Investigaci\u00f3n Sanitaria de Navarra (IdiSNA).<\/p>\n<p style=\"text-align: justify;\"><strong><em>Marta Domingo-Osle <\/em><\/strong>Doctora. Enfermera de Pr\u00e1ctica Avanzada, Cl\u00ednica Universidad de Navarra.<\/p>\n<p style=\"text-align: justify;\"><strong><em>Alejandro Fern\u00e1ndez Montero\u00a0 <\/em><\/strong>Especialista en Medicina del Trabajo. Servicio Mancomunado de Prevenci\u00f3n de Riesgos Laborales. Profesor Titular. Universidad de Navarra. Instituto de Investigaci\u00f3n Sanitaria de Navarra (IdiSNA).<\/p>\n<p style=\"text-align: justify;\"><strong><em>Isabel Mar\u00eda Gal\u00e1n Mel\u00e9ndez <\/em><\/strong>Especialista en Medicina del Trabajo. Jefe del Servicio de Prevenci\u00f3n y Salud Laboral. Hospital Universitario Fundaci\u00f3n Alcorc\u00f3n.<\/p>\n<p style=\"text-align: justify;\"><strong><em>Ana Isabel Garc\u00eda Vaquero <\/em><\/strong>Especialista en Medicina del Trabajo. Servicio de Medicina del Trabajo y Prevenci\u00f3n de Riesgos Laborales. Hospital Universitario 12 de Octubre.<\/p>\n<p style=\"text-align: justify;\"><strong><em>Juan Manuel Gonz\u00e1lez De Abreu <\/em><\/strong>Especialista en Medicina del Trabajo. Servicio de Prevenci\u00f3n de Riesgos Laborales, Hospital Universitario La Paz.<\/p>\n<p style=\"text-align: justify;\"><strong><em>Elena Irujo Ramos <\/em><\/strong>Especialista en Enfermer\u00eda del Trabajo. Servicio Mancomunado de Prevenci\u00f3n de Riesgos Laborales. Universidad de Navarra.\u00a0 Cl\u00ednica Universidad de Navarra.<\/p>\n<p style=\"text-align: justify;\"><strong><em>Tito Leoncio Liz\u00e1rraga Hurtado <\/em><\/strong>Especialista en Medicina del Trabajo. Servicio de Medicina del Trabajo y Prevenci\u00f3n de Riesgos Laborales. Hospital Universitario 12 de Octubre.<\/p>\n<p style=\"text-align: justify;\"><strong><em>Javier L\u00f3pez P\u00e9rez <\/em><\/strong>M\u00e9dico del Trabajo. Presidente SVMT \/ LMEE. Servicio M\u00e9dico Bridgestone Hispania Manufacturing s.l.<\/p>\n<p style=\"text-align: justify;\"><strong><em>Agust\u00edn M\u00e9ndez Arias <\/em><\/strong>M\u00e9dico Especialista en Medicina del Trabajo. Servicio de Prevenci\u00f3n de Riesgos Laborales \u2013 HM Hospitales, Madrid. Servicio de Prevenci\u00f3n de Riesgos Laborales \u2013 Vitaly, Madrid.<\/p>\n<p style=\"text-align: justify;\"><strong><em>Antonio Jos\u00e9 Merino Mart\u00edn <\/em><\/strong>Teniente Coronel M\u00e9dico. Jefe de Sanidad de la 9\u00aa Zona de la Guardia Civil de Navarra.<\/p>\n<p style=\"text-align: justify;\"><strong><em>Laura Moreno Galarraga <\/em><\/strong>Pediatra. Servicio de Pediatr\u00eda, Hospital Universitario de Navarra. Instituto de Investigaci\u00f3n Sanitaria de Navarra (IdiSNA). Facultad de Ciencias de la Salud, Universidad P\u00fablica de Navarra. UPNA.<\/p>\n<p style=\"text-align: justify;\"><strong><em>Carmen Mu\u00f1oz Ruiperez <\/em><\/strong>Especialista en Medicina del Trabajo. MD, PhD. Jefe del Servicio de Medicina del Trabajo y Prevenci\u00f3n de Riesgos Laborales. Hospital Universitario 12 de Octubre.<\/p>\n<p style=\"text-align: justify;\"><strong><em>Silvia O\u00b4Connor P\u00e9rez <\/em><\/strong>M\u00e9dico Especialista en Medicina del Trabajo. Hospital Universitario Cl\u00ednico San Carlos.<\/p>\n<p style=\"text-align: justify;\"><strong><em>Elizabet Petkova Saiz <\/em><\/strong>M\u00e9dico especialista en Medicina Interna. M\u00e9dico Especialista en Medicina del Trabajo. Departamento Enfermedades Infecciosas. Cl\u00ednica Universidad de Navarra.<\/p>\n<p style=\"text-align: justify;\"><strong><em>Gabriel Reina Gonz\u00e1lez <\/em><\/strong>Especialista en Microbiolog\u00eda y Parasitolog\u00eda. Profesor Titular. Servicio de Microbiolog\u00eda, Cl\u00ednica Universidad de Navarra. Instituto de Investigaci\u00f3n Sanitaria de Navarra (IdiSNA)<\/p>\n<p style=\"text-align: justify;\"><strong><em>Ana Bel\u00e9n Rodr\u00edguez Mourille <\/em><\/strong>M\u00e9dico especialista en Medicina del Trabajo. Servicio Mancomunado de Prevenci\u00f3n de Riesgos Laborales. Universidad de Navarra.<\/p>\n<p style=\"text-align: justify;\"><strong><em>Marta Rua G\u00f3mez <\/em><\/strong>Servicio de Microbiolog\u00eda Cl\u00ednica, Cl\u00ednica Universidad de Navarra. Instituto de Investigaci\u00f3n Sanitaria de Navarra (IdiSNA).<\/p>\n<p style=\"text-align: justify;\"><strong><em>Juan Carlos Rueda Garrido <\/em><\/strong>Especialista en Medicina del Trabajo. Servicio M\u00e9dico de Vitaly en SABIC, Cartagena.<\/p>\n<p style=\"text-align: justify;\"><strong><em>Marta de San Segundo Reyes <\/em><\/strong>M\u00e9dico especialista en Medicina del Trabajo. Hospital General Universitario Gregorio Mara\u00f1\u00f3n.<\/p>\n<p style=\"text-align: justify;\"><strong><em>Mar\u00eda Gabriela Torres Romero <\/em><\/strong>M\u00e9dico especialista en Medicina del Trabajo. Servicio Mancomunado de Prevenci\u00f3n de Riesgos Laborales. Universidad de Navarra.<\/p>\n<p style=\"text-align: justify;\"><strong><em>Rosa M. T\u00fanez S\u00e1nchez <\/em><\/strong>Especialista en Medicina del Trabajo. Servicio de Prevenci\u00f3n de Riesgos Laborales. Coordinador de la Administraci\u00f3n de la Regi\u00f3n de Murcia.<\/p>\n<p style=\"text-align: justify;\"><strong><em>Ignacio S\u00e1nchez-Arcilla y Conejo\u00a0 <\/em><\/strong>Jefe del Servicio de Prevenci\u00f3n de Riesgos Laborales. Jefe de la UDM de Salud Laboral. Hospital General Universitario Gregorio Mara\u00f1on.<\/p>\n<p style=\"text-align: justify;\"><strong><em>Mar\u00eda Victoria Uribe Centanaro <\/em><\/strong>Especialista en Medicina del trabajo. Vitaly Health Services. Hospital Ruber Juan Bravo.<\/p>\n<p style=\"text-align: justify;\"><strong><em>\u00c1ngel Vega Su\u00e1rez <\/em><\/strong>M\u00e9dico Especialista en Medicina del Trabajo y en Medicina Familiar y Comunitaria. Servicio de Prevenci\u00f3n de Riesgos Laborales. Hospital Universitario de Salamanca \u2013 Sacyl.<\/p>\n<p style=\"text-align: justify;\"><strong>REVISORES CIENT\u00cdFICOS <\/strong><\/p>\n<p style=\"text-align: justify;\"><strong><em>Jos\u00e9 Lorenzo Bravo Grande <\/em><\/strong>Especialista en Medicina del Trabajo. Jefe de Servicio &#8211; (M\u00e9dico del Trabajo -Salud Laboral) \u2014 PRL- \u00c1rea de Salud de Salamanca (Hospital Universitario de Salamanca.). Profesor Asociado Departamento de Medicina (Universidad de Salamanca). Jefe de Estudios de la Unidad Docente Multiprofesional de Salud Laboral de Castilla y Le\u00f3n (SACYL). Presidente de la Comisi\u00f3n Nacional de la especialidad de Medicina del Trabajo (Ministerio de Sanidad).<\/p>\n<p style=\"text-align: justify;\"><strong><em>Juan Luis Cabanillas Moruno <\/em><\/strong>Secretario General de la Asociaci\u00f3n Espa\u00f1ola de Especialistas en Medicina del Trabajo. Inspector M\u00e9dico. Consejer\u00eda de Sanidad. Junta de Andaluc\u00eda. Profesor Asociado. Departamento de Medicina Preventiva y Salud P\u00fablica. Facultad de Medicina. Universidad de Sevilla.<\/p>\n<p style=\"text-align: justify;\"><strong><em>M\u00aa Te\u00f3fila Vicente-Herrero <\/em><\/strong>Grupo de Investigaci\u00f3n ADEMA-SALUD. Institut Universitari d&#8217;Investigaci\u00f3 en Ci\u00e8ncies de la Salut (IUNICS)-Universidad Islas Baleares (UIB). Integrante del equipo m\u00e9dico-Unidad m\u00e9dico-legal Abascal. Madrid Colaboradora docente en Escuela Valenciana de Estudios de Salud (EVES).<\/p>\n<p>[\/vc_column_text][\/vc_column][vc_column width=\u00bb1\/2&#8243; rt_wrp_col_paddings=\u00bbfalse\u00bb rt_border_top=\u00bb\u00bb rt_border_bottom=\u00bb\u00bb rt_border_left=\u00bb\u00bb rt_border_right=\u00bb\u00bb rt_border_top_mobile=\u00bb\u00bb rt_border_bottom_mobile=\u00bb\u00bb rt_border_left_mobile=\u00bb\u00bb rt_border_right_mobile=\u00bb\u00bb rt_bg_image_repeat=\u00bbrepeat\u00bb rt_bg_size=\u00bbauto auto\u00bb rt_bg_position=\u00bbright top\u00bb rt_bg_attachment=\u00bbscroll\u00bb][vc_separator style=\u00bbstyle-4&#8243;][vc_column_text css=\u00bb\u00bb]<strong>\u00cdNDICE<\/strong><strong>\u200c<\/strong><\/p>\n<p><strong>Introducci\u00f3n<\/strong>\u00a0<strong>17<\/strong><\/p>\n<ol>\n<li><strong>Vacunaci\u00f3n por Riesgo Laboral\u00a021<\/strong>\n<ul>\n<li>Exposici\u00f3n ocupacional a agentes biol\u00f3gicos espec\u00edficos\u00a023\n<ul>\n<li>Riesgo por exposici\u00f3n a sangre y fluidos corporales\u00a025<\/li>\n<li>Riesgo por inhalaci\u00f3n de aerosoles infecciosos\u00a049<\/li>\n<li>Riesgos por contacto con animales o vectores biol\u00f3gicos\u00a067<\/li>\n<li>Riesgo por contacto con aguas fecales o entornos insalubres\u00a077<\/li>\n<li>Riesgo por manipulaci\u00f3n de alimentos\u00a085<\/li>\n<li>Riesgo por manipulaci\u00f3n de cad\u00e1veres\u00a095<\/li>\n<\/ul>\n<\/li>\n<li>Entornos laborales con alta concentraci\u00f3n de personas\u00a0111\n<ul>\n<li>Personal penitenciario y de centros de internamiento\u00a0113<\/li>\n<li>Personal militar acuartelado\u00a0127<\/li>\n<li>Trabajadores de centros educativos infantiles\u00a0139<\/li>\n<li>Servicios p\u00fablicos esenciales\u00a0155<\/li>\n<\/ul>\n<\/li>\n<li>Trabajadores especialmente sensibles en contexto laboral\u00a0169\n<ul>\n<li>Embarazadas con riesgo biol\u00f3gico laboral\u00a0171<\/li>\n<li>Inmunodeprimidos o con enfermedades cr\u00f3nicas con riesgo biol\u00f3gico laboral\u00a0209\u200c<\/li>\n<li>Otros casos especiales\u00a0239<\/li>\n<\/ul>\n<\/li>\n<li>Vacunaci\u00f3n en viajes laborales internacionales y VRF\u00a0255\n<ul>\n<li>Evaluaci\u00f3n previa al viaje\u00a0257<\/li>\n<li>Vacunas seg\u00fan destino end\u00e9mico y pr\u00e1cticas o riesgo en destino\u00a0271<\/li>\n<li>Profilaxis adicional y medidas preventivas\u00a0295<\/li>\n<li>Registro y seguimiento posviaje\u00a0327<\/li>\n<\/ul>\n<\/li>\n<\/ul>\n<\/li>\n<\/ol>\n<ol start=\"2\">\n<li><strong>Vacunaci\u00f3n del adulto a lo largo de la vida\u00a0353<\/strong>\n<ul>\n<li>Integraci\u00f3n del calendario vacunal del adulto\u00a0355\n<ul>\n<li>Valoraci\u00f3n inicial y actualizaci\u00f3n vacunal del adulto trabajador\u00a0357<\/li>\n<li>Coordinaci\u00f3n con Atenci\u00f3n Primaria (en el trabajador activo y tras la jubilaci\u00f3n) 371<\/li>\n<li>Vacunas de nueva introducci\u00f3n\u00a0383<\/li>\n<\/ul>\n<\/li>\n<li>Vacunaci\u00f3n seg\u00fan condiciones m\u00e9dicas individuales\u00a0399\n<ul>\n<li>Recomendaciones a partir de los 50-60 a\u00f1os\u00a0401<\/li>\n<li>Trabajadores con enfermedades cr\u00f3nicas\u00a0409<\/li>\n<li>Inmunodeprimidos\u00a0419<\/li>\n<li>Trabajadoras gestantes\u00a0449<\/li>\n<li>Otros grupos cl\u00ednicos de riesgo\u00a0465<\/li>\n<\/ul>\n<\/li>\n<\/ul>\n<\/li>\n<\/ol>\n<ol start=\"3\">\n<li><strong>Integraci\u00f3n de la vacunaci\u00f3n en la pr\u00e1ctica cl\u00ednica\u00a0479<\/strong>\n<ul>\n<li>Anamnesis vacunal\u00a0481<\/li>\n<li>Exploraci\u00f3n f\u00edsica\u00a0489<\/li>\n<li>Pruebas serol\u00f3gicas\u00a0495<\/li>\n<li>Identificaci\u00f3n de contraindicaciones\u00a0511<\/li>\n<li>Plan vacunal individualizado\u00a0519<\/li>\n<li>Informaci\u00f3n y consentimiento\u00a0527<\/li>\n<li>Prescripci\u00f3n m\u00e9dica\u00a0533<\/li>\n<li>Dispensaci\u00f3n\u00a0539<\/li>\n<li>Administraci\u00f3n, observaci\u00f3n post-vacunal y programaci\u00f3n de dosis sucesivas\u00a0547<\/li>\n<li>Farmacovigilancia vacunal en salud laboral\u00a0561<\/li>\n<li>Criterios de calidad en el manejo de vacunas\u00a0575<\/li>\n<\/ul>\n<\/li>\n<li><strong>Estrategias para mejorar la adhesi\u00f3n vacunal\u00a0587<\/strong>\n<ul>\n<li>Recomendaci\u00f3n m\u00e9dica vacunal\u00a0591<\/li>\n<li>Intervenciones conductuales\u00a0595<\/li>\n<li>Campa\u00f1as de comunicaci\u00f3n\u00a0603<\/li>\n<li>Liderazgo institucional\u00a0613<\/li>\n<li>Facilidad de acceso\u00a0621<\/li>\n<li>Monitoreo de coberturas vacunales\u00a0629<\/li>\n<li>Incentivos organizativos y reconocimiento institucional\u00a0637<\/li>\n<li>Otras acciones para mejorar la adherencia vacunal\u00a0645<\/li>\n<\/ul>\n<\/li>\n<li><strong>Accesibilidad digital para uso din\u00e1mico\u00a0655<\/strong><\/li>\n<li><strong>Informaci\u00f3n t\u00e9cnica de vacunas\u00a0659<\/strong><\/li>\n<\/ol>\n<p>[\/vc_column_text][\/vc_column][\/vc_row][vc_row rt_row_background_width=\u00bbdefault\u00bb rt_row_style=\u00bbdefault-style\u00bb rt_row_borders=\u00bb\u00bb rt_row_paddings=\u00bbtrue\u00bb rt_bg_effect=\u00bbclassic\u00bb rt_bg_image_repeat=\u00bbrepeat\u00bb rt_bg_size=\u00bbcover\u00bb rt_bg_position=\u00bbright top\u00bb rt_bg_attachment=\u00bbscroll\u00bb rt_bg_video_format=\u00bbself-hosted\u00bb][vc_column width=\u00bb1\/3&#8243; rt_wrp_col_paddings=\u00bbfalse\u00bb rt_border_top=\u00bb\u00bb rt_border_bottom=\u00bb\u00bb rt_border_left=\u00bb\u00bb rt_border_right=\u00bb\u00bb rt_border_top_mobile=\u00bb\u00bb rt_border_bottom_mobile=\u00bb\u00bb rt_border_left_mobile=\u00bb\u00bb rt_border_right_mobile=\u00bb\u00bb rt_bg_image_repeat=\u00bbrepeat\u00bb rt_bg_size=\u00bbauto auto\u00bb rt_bg_position=\u00bbright top\u00bb rt_bg_attachment=\u00bbscroll\u00bb][vc_column_text css=\u00bb\u00bb]<\/p>\n<p style=\"text-align: center;\"><strong>Juan Carlos Rueda<\/strong><br \/>\n<em>Presidente AEEMT<\/em><\/p>\n<p>[\/vc_column_text][\/vc_column][vc_column width=\u00bb1\/3&#8243; rt_wrp_col_paddings=\u00bbfalse\u00bb rt_border_top=\u00bb\u00bb rt_border_bottom=\u00bb\u00bb rt_border_left=\u00bb\u00bb rt_border_right=\u00bb\u00bb rt_border_top_mobile=\u00bb\u00bb rt_border_bottom_mobile=\u00bb\u00bb rt_border_left_mobile=\u00bb\u00bb rt_border_right_mobile=\u00bb\u00bb rt_bg_image_repeat=\u00bbrepeat\u00bb rt_bg_size=\u00bbauto auto\u00bb rt_bg_position=\u00bbright top\u00bb rt_bg_attachment=\u00bbscroll\u00bb][vc_column_text css=\u00bb\u00bb]<\/p>\n<p style=\"text-align: center;\"><strong>Teresa del Campo<\/strong><br \/>\n<em>Vicepta. AEEMT<\/em><\/p>\n<p>[\/vc_column_text][\/vc_column][vc_column width=\u00bb1\/3&#8243; rt_wrp_col_paddings=\u00bbfalse\u00bb rt_border_top=\u00bb\u00bb rt_border_bottom=\u00bb\u00bb rt_border_left=\u00bb\u00bb rt_border_right=\u00bb\u00bb rt_border_top_mobile=\u00bb\u00bb rt_border_bottom_mobile=\u00bb\u00bb rt_border_left_mobile=\u00bb\u00bb rt_border_right_mobile=\u00bb\u00bb rt_bg_image_repeat=\u00bbrepeat\u00bb rt_bg_size=\u00bbauto auto\u00bb rt_bg_position=\u00bbright top\u00bb rt_bg_attachment=\u00bbscroll\u00bb][vc_column_text css=\u00bb\u00bb]<\/p>\n<p style=\"text-align: center;\"><strong>Alejandro Fern\u00e1ndez Montero<\/strong><br \/>\n<em>Coordinador<\/em><\/p>\n<p>[\/vc_column_text][\/vc_column][\/vc_row]<\/p>\n","protected":false},"excerpt":{"rendered":"<p>[vc_row rt_row_background_width=\u00bbdefault\u00bb rt_row_style=\u00bbdefault-style\u00bb rt_column_placement=\u00bbmiddle\u00bb rt_row_borders=\u00bb\u00bb rt_row_paddings=\u00bbtrue\u00bb rt_bg_effect=\u00bbclassic\u00bb rt_bg_image_repeat=\u00bbrepeat\u00bb rt_bg_size=\u00bbcover\u00bb rt_bg_position=\u00bbright top\u00bb rt_bg_attachment=\u00bbscroll\u00bb rt_bg_video_format=\u00bbself-hosted\u00bb][vc_column width=\u00bb1\/2&#8243; rt_wrp_col_paddings=\u00bbfalse\u00bb rt_border_top=\u00bb\u00bb rt_border_bottom=\u00bb\u00bb rt_border_left=\u00bb\u00bb rt_border_right=\u00bb\u00bb rt_border_top_mobile=\u00bb\u00bb rt_border_bottom_mobile=\u00bb\u00bb rt_border_left_mobile=\u00bb\u00bb rt_border_right_mobile=\u00bb\u00bb rt_bg_image_repeat=\u00bbrepeat\u00bb rt_bg_size=\u00bbauto auto\u00bb rt_bg_position=\u00bbright top\u00bb rt_bg_attachment=\u00bbscroll\u00bb][vc_column_text css=\u00bb\u00bb] [&hellip;]<\/p>\n","protected":false},"author":1,"featured_media":73857,"comment_status":"closed","ping_status":"closed","sticky":false,"template":"","format":"standard","meta":{"footnotes":""},"categories":[20,22,24,32,37],"tags":[],"class_list":["post-74013","post","type-post","status-publish","format-standard","has-post-thumbnail","hentry","category-comunicados-de-la-aeemt","category-comunicados-de-la-secretaria","category-comunicados-para-asociados","category-grupo-funcional-guias-y-protocolos","category-noticias-de-medicina"],"_links":{"self":[{"href":"https:\/\/www.aeemt.org\/web\/wp-json\/wp\/v2\/posts\/74013"}],"collection":[{"href":"https:\/\/www.aeemt.org\/web\/wp-json\/wp\/v2\/posts"}],"about":[{"href":"https:\/\/www.aeemt.org\/web\/wp-json\/wp\/v2\/types\/post"}],"author":[{"embeddable":true,"href":"https:\/\/www.aeemt.org\/web\/wp-json\/wp\/v2\/users\/1"}],"replies":[{"embeddable":true,"href":"https:\/\/www.aeemt.org\/web\/wp-json\/wp\/v2\/comments?post=74013"}],"version-history":[{"count":3,"href":"https:\/\/www.aeemt.org\/web\/wp-json\/wp\/v2\/posts\/74013\/revisions"}],"predecessor-version":[{"id":74048,"href":"https:\/\/www.aeemt.org\/web\/wp-json\/wp\/v2\/posts\/74013\/revisions\/74048"}],"wp:featuredmedia":[{"embeddable":true,"href":"https:\/\/www.aeemt.org\/web\/wp-json\/wp\/v2\/media\/73857"}],"wp:attachment":[{"href":"https:\/\/www.aeemt.org\/web\/wp-json\/wp\/v2\/media?parent=74013"}],"wp:term":[{"taxonomy":"category","embeddable":true,"href":"https:\/\/www.aeemt.org\/web\/wp-json\/wp\/v2\/categories?post=74013"},{"taxonomy":"post_tag","embeddable":true,"href":"https:\/\/www.aeemt.org\/web\/wp-json\/wp\/v2\/tags?post=74013"}],"curies":[{"name":"wp","href":"https:\/\/api.w.org\/{rel}","templated":true}]}}