{"id":73640,"date":"2026-03-14T13:40:44","date_gmt":"2026-03-14T12:40:44","guid":{"rendered":"https:\/\/www.aeemt.org\/web\/?p=73640"},"modified":"2026-03-14T13:40:44","modified_gmt":"2026-03-14T12:40:44","slug":"guia-la-salud-de-las-mujeres-en-el-entorno-laboral","status":"publish","type":"post","link":"https:\/\/www.aeemt.org\/web\/2026\/03\/14\/guia-la-salud-de-las-mujeres-en-el-entorno-laboral\/","title":{"rendered":"Gu\u00eda La salud de las mujeres en el entorno laboral: una gu\u00eda para el m\u00e9dico del trabajo"},"content":{"rendered":"<p>[vc_row rt_row_background_width=\u00bbdefault\u00bb rt_row_style=\u00bbdefault-style\u00bb rt_row_borders=\u00bb\u00bb rt_row_paddings=\u00bbtrue\u00bb rt_bg_effect=\u00bbclassic\u00bb rt_bg_image_repeat=\u00bbrepeat\u00bb rt_bg_size=\u00bbcover\u00bb rt_bg_position=\u00bbright top\u00bb rt_bg_attachment=\u00bbscroll\u00bb rt_bg_video_format=\u00bbself-hosted\u00bb][vc_column width=\u00bb1\/2&#8243; rt_wrp_col_paddings=\u00bbfalse\u00bb rt_border_top=\u00bb\u00bb rt_border_bottom=\u00bb\u00bb rt_border_left=\u00bb\u00bb rt_border_right=\u00bb\u00bb rt_border_top_mobile=\u00bb\u00bb rt_border_bottom_mobile=\u00bb\u00bb rt_border_left_mobile=\u00bb\u00bb rt_border_right_mobile=\u00bb\u00bb rt_bg_image_repeat=\u00bbrepeat\u00bb rt_bg_size=\u00bbauto auto\u00bb rt_bg_position=\u00bbright top\u00bb rt_bg_attachment=\u00bbscroll\u00bb][vc_column_text css=\u00bb\u00bb]<\/p>\n<h3 style=\"text-align: center;\">Patrocina<\/h3>\n<p style=\"text-align: center;\"><a href=\"https:\/\/www.organon.com\/spain\/\" target=\"_blank\" rel=\"noopener\"><img loading=\"lazy\" decoding=\"async\" class=\"wp-image-70993 size-medium aligncenter\" src=\"https:\/\/www.aeemt.org\/web\/wp-content\/uploads\/2025\/03\/organon-logo-png_seeklogo-444644-e1741557222687-300x156.png\" alt=\"\" width=\"300\" height=\"156\" srcset=\"https:\/\/www.aeemt.org\/web\/wp-content\/uploads\/2025\/03\/organon-logo-png_seeklogo-444644-e1741557222687-300x156.png 300w, https:\/\/www.aeemt.org\/web\/wp-content\/uploads\/2025\/03\/organon-logo-png_seeklogo-444644-e1741557222687.png 320w\" sizes=\"(max-width: 300px) 100vw, 300px\" \/><\/a><\/p>\n<p>[\/vc_column_text][\/vc_column][vc_column width=\u00bb1\/2&#8243; rt_wrp_col_paddings=\u00bbfalse\u00bb rt_border_top=\u00bb\u00bb rt_border_bottom=\u00bb\u00bb rt_border_left=\u00bb\u00bb rt_border_right=\u00bb\u00bb rt_border_top_mobile=\u00bb\u00bb rt_border_bottom_mobile=\u00bb\u00bb rt_border_left_mobile=\u00bb\u00bb rt_border_right_mobile=\u00bb\u00bb rt_bg_image_repeat=\u00bbrepeat\u00bb rt_bg_size=\u00bbauto auto\u00bb rt_bg_position=\u00bbright top\u00bb rt_bg_attachment=\u00bbscroll\u00bb][vc_column_text css=\u00bb\u00bb]<\/p>\n<p style=\"text-align: center;\"><img loading=\"lazy\" decoding=\"async\" class=\"wp-image-69972 aligncenter\" src=\"https:\/\/www.aeemt.org\/web\/wp-content\/uploads\/2024\/08\/cropped-Icono-aeemt-300x300.jpg\" alt=\"\" width=\"161\" height=\"161\" srcset=\"https:\/\/www.aeemt.org\/web\/wp-content\/uploads\/2024\/08\/cropped-Icono-aeemt-300x300.jpg 300w, https:\/\/www.aeemt.org\/web\/wp-content\/uploads\/2024\/08\/cropped-Icono-aeemt-150x150.jpg 150w, https:\/\/www.aeemt.org\/web\/wp-content\/uploads\/2024\/08\/cropped-Icono-aeemt-100x100.jpg 100w, https:\/\/www.aeemt.org\/web\/wp-content\/uploads\/2024\/08\/cropped-Icono-aeemt-270x270.jpg 270w, https:\/\/www.aeemt.org\/web\/wp-content\/uploads\/2024\/08\/cropped-Icono-aeemt-192x192.jpg 192w, https:\/\/www.aeemt.org\/web\/wp-content\/uploads\/2024\/08\/cropped-Icono-aeemt-180x180.jpg 180w, https:\/\/www.aeemt.org\/web\/wp-content\/uploads\/2024\/08\/cropped-Icono-aeemt-32x32.jpg 32w, https:\/\/www.aeemt.org\/web\/wp-content\/uploads\/2024\/08\/cropped-Icono-aeemt.jpg 512w\" sizes=\"(max-width: 161px) 100vw, 161px\" \/><\/p>\n<p>[\/vc_column_text][\/vc_column][\/vc_row][vc_row rt_row_background_width=\u00bbdefault\u00bb rt_row_style=\u00bbdefault-style\u00bb rt_row_borders=\u00bb\u00bb rt_row_paddings=\u00bbtrue\u00bb rt_bg_effect=\u00bbclassic\u00bb rt_bg_image_repeat=\u00bbrepeat\u00bb rt_bg_size=\u00bbcover\u00bb rt_bg_position=\u00bbright top\u00bb rt_bg_attachment=\u00bbscroll\u00bb rt_bg_video_format=\u00bbself-hosted\u00bb][vc_column width=\u00bb1\/2&#8243; rt_wrp_col_paddings=\u00bbfalse\u00bb rt_border_top=\u00bb\u00bb rt_border_bottom=\u00bb\u00bb rt_border_left=\u00bb\u00bb rt_border_right=\u00bb\u00bb rt_border_top_mobile=\u00bb\u00bb rt_border_bottom_mobile=\u00bb\u00bb rt_border_left_mobile=\u00bb\u00bb rt_border_right_mobile=\u00bb\u00bb rt_bg_image_repeat=\u00bbrepeat\u00bb rt_bg_size=\u00bbauto auto\u00bb rt_bg_position=\u00bbright top\u00bb rt_bg_attachment=\u00bbscroll\u00bb][vc_column_text css=\u00bb\u00bb]Ponemos a disposici\u00f3n de nuestros asociados\u00a0 la gu\u00eda<strong> \u00abLa salud de las mujeres en el entorno laboral: una gu\u00eda para el m\u00e9dico del trabajo\u00bb, <\/strong>fruto de la colaboraci\u00f3n de la<strong> AEEMT <\/strong>y la plataforma de formaci\u00f3n <strong><a href=\"https:\/\/organonpro.com\/es-es\/\" target=\"_blank\" rel=\"noopener\">ORGANON<\/a>.<\/strong><\/p>\n<p style=\"text-align: center;\"><div class=\"button_wrapper  aligncenter\"><a  href=\"https:\/\/www.aeemt.org\/Documentos%20GF\/Mujer%20y%20Trabajo\/Completo_La%20mujer%20y%20el%20trabajo_Digital.pdf\" target=\"_blank\" title=\"Gu\u00eda La salud de las mujeres en el entorno laboral\" class=\"button_  default medium\"><strong>Descargar Gu\u00eda La salud de las mujeres en el entorno laboral<\/strong><\/a><\/div>\n<p><strong>Introducci\u00f3n<\/strong><\/p>\n<p style=\"text-align: justify;\">La salud laboral con perspectiva de sexo y g\u00e9nero no es solo una necesidad emergente, sino un compromiso ineludible con la calidad, la equidad y la excelencia profesional. La evidencia cient\u00edfica y nuestra propia experiencia asistencial muestran que mujeres y hombres no enferman igual, no manifiestan los s\u00edntomas del mismo modo y no afrontan id\u00e9nticas condiciones sociales y laborales. Ignorar estas diferencias genera sesgos diagn\u00f3sticos, tratamientos menos eficaces y una prevenci\u00f3n incompleta.<\/p>\n<p style=\"text-align: justify;\">Abordar la salud en el trabajo desde esta perspectiva nos permite identificar riesgos que de otro modo pasar\u00edan desapercibidos, incorporar factores cl\u00ednicos y contextuales que marcan la diferencia y mejorar la calidad de la vigilancia de la salud. Integrar esta visi\u00f3n en nuestra pr\u00e1ctica profesional fortalece el abordaje multidisciplinar, enriquece la toma de decisiones y contribuye a un entorno laboral m\u00e1s seguro.<\/p>\n<p style=\"text-align: justify;\">Esta gu\u00eda nace como el punto de partida de un proyecto ambicioso: impulsar un modelo de salud laboral que reconozca la singularidad de cada persona e incorpore criterios basados en la evidencia. Es un desaf\u00edo colectivo, inspirador y estrat\u00e9gico que nos impulsa a ampliar el papel del m\u00e9dico del trabajo, fortaleci\u00e9ndolo en colaboraci\u00f3n con otras especialidades, para avanzar en el abordaje de aquellas enfermedades en las que sexo y g\u00e9nero ejercen una influencia determinante y seguir construyendo una salud laboral m\u00e1s precisa, equitativa y transformadora.<\/p>\n<p style=\"text-align: justify;\">Envejecemos de forma diferente, y poder hacer este trabajo preventivo individualizado y especifico es la clave para el desarrollo del futuro.<\/p>\n<p style=\"text-align: justify;\"><em><strong>Dra. Pilar Fern\u00e1ndez-Figares Vicioso.<\/strong><\/em><br \/>\nM\u00e9dico del trabajo, miembro junta directiva AEEMT y coordinadora de esta gu\u00eda.<\/p>\n<p><strong>Coordinaci\u00f3n y Direcci\u00f3n:<\/strong><\/p>\n<p><em><strong>Dra. Pilar Fern\u00e1ndez-F\u00edgares Vicioso. <\/strong><\/em><\/p>\n<p>Especialista en Medicina del Trabajo. Direcci\u00f3n m\u00e9dica Servicio de prevenci\u00f3n riesgos laborales mancomunado, miembro Junta Directiva AEEMT.<\/p>\n<p><strong>Autores:<\/strong><\/p>\n<p><em><strong>Dra. M\u00aa Te\u00f3fila Vicente Herrero. <\/strong><\/em><\/p>\n<p>Especialista en Medicina del Trabajo. Grupo de Investigaci\u00f3n ADEMA SALUD-IUNICS (UIB). Unidad M\u00e9dico-Legal Abascal.<\/p>\n<p><em><strong>Dr. Fabi\u00e1n V\u00e1zquez Rivas.<\/strong><\/em><\/p>\n<p>Especialista en Medicina del Trabajo. Servicio de prevenci\u00f3n riesgos laborales mancomunado.<\/p>\n<p><strong>Dr. Johannes Haemmerle. <\/strong><\/p>\n<p style=\"text-align: justify;\">Especialista en Medicina del Trabajo en Moeve. T\u00e9cnico Superior de PRL en Seguridad del Trabajo, Higiene Industrial, Ergonom\u00eda y Psicosociolog\u00eda. Experto Universitario de Gesti\u00f3n del riesgo Psicosocial en las Empresas.<\/p>\n<p><strong>Dra. M\u00aa del Carmen Bellido Cambr\u00f3n. <\/strong><\/p>\n<p style=\"text-align: justify;\">Especialista en Medicina del Trabajo. T\u00e9cnico de PRL en Higiene, Ergonom\u00eda y Psicosociolog\u00eda y Seguridad. Coordinadora de la Unidad departamental de Castell\u00f3n del SPRL de la Conselleria de Sanitat. Hospital General Universitario de Castell\u00f3n. Coordinadora del grupo de sostenibilidad, econom\u00eda y empresa de la Alianza por el Sue\u00f1o.<\/p>\n<p>[\/vc_column_text][\/vc_column][vc_column width=\u00bb1\/2&#8243; rt_wrp_col_paddings=\u00bbfalse\u00bb rt_border_top=\u00bb\u00bb rt_border_bottom=\u00bb\u00bb rt_border_left=\u00bb\u00bb rt_border_right=\u00bb\u00bb rt_border_top_mobile=\u00bb\u00bb rt_border_bottom_mobile=\u00bb\u00bb rt_border_left_mobile=\u00bb\u00bb rt_border_right_mobile=\u00bb\u00bb rt_bg_image_repeat=\u00bbrepeat\u00bb rt_bg_size=\u00bbauto auto\u00bb rt_bg_position=\u00bbright top\u00bb rt_bg_attachment=\u00bbscroll\u00bb][vc_column_text css=\u00bb\u00bb]<\/p>\n<p style=\"text-align: center;\"><a href=\"https:\/\/www.aeemt.org\/Documentos%20GF\/Mujer%20y%20Trabajo\/Completo_La%20mujer%20y%20el%20trabajo_Digital.pdf\" target=\"_blank\" rel=\"noopener\"><img loading=\"lazy\" decoding=\"async\" class=\"wp-image-73643 aligncenter\" src=\"https:\/\/www.aeemt.org\/web\/wp-content\/uploads\/2026\/03\/Guia-Salud-de-las-mujeres-en-el-entorno-laboral-210x300.png\" alt=\"\" width=\"406\" height=\"580\" srcset=\"https:\/\/www.aeemt.org\/web\/wp-content\/uploads\/2026\/03\/Guia-Salud-de-las-mujeres-en-el-entorno-laboral-210x300.png 210w, https:\/\/www.aeemt.org\/web\/wp-content\/uploads\/2026\/03\/Guia-Salud-de-las-mujeres-en-el-entorno-laboral-600x858.png 600w, https:\/\/www.aeemt.org\/web\/wp-content\/uploads\/2026\/03\/Guia-Salud-de-las-mujeres-en-el-entorno-laboral.png 643w\" sizes=\"(max-width: 406px) 100vw, 406px\" \/><\/a><\/p>\n<p>[\/vc_column_text][vc_column_text css=\u00bb\u00bb]Os invitamos a todos a que os <strong>registr\u00e9is gratuitamente<\/strong> en la p<strong>lataforma de formaci\u00f3n de ORGANON<\/strong><\/p>\n<p>Puedes crear dicha cuenta en el siguiente enlace:<\/p>\n<p style=\"text-align: center;\"><div class=\"button_wrapper  aligncenter\"><a  href=\"https:\/\/organonpro.com\/es-es\/member-option\/?screenToRender=traditionalRegistration\" target=\"_blank\" title=\"Crear cuenta - ORGANON\" class=\"button_  default medium\"><strong>Crear cuenta - ORGANON<\/strong><\/a><\/div>\n<p>[\/vc_column_text][vc_column_text css=\u00bb\u00bb]Una vez completado el registro podr\u00e9is acceder a todos los contenidos de la plataforma.<\/p>\n<h5 class=\"hero-title-text\" style=\"text-align: center;\"><a href=\"https:\/\/organonpro.com\/es-es\/\" target=\"_blank\" rel=\"noopener\"><img loading=\"lazy\" decoding=\"async\" class=\"size-medium wp-image-73648 aligncenter\" src=\"https:\/\/www.aeemt.org\/web\/wp-content\/uploads\/2026\/03\/Logo-Organon-Pro-300x158.png\" alt=\"\" width=\"300\" height=\"158\" srcset=\"https:\/\/www.aeemt.org\/web\/wp-content\/uploads\/2026\/03\/Logo-Organon-Pro-300x158.png 300w, https:\/\/www.aeemt.org\/web\/wp-content\/uploads\/2026\/03\/Logo-Organon-Pro.png 310w\" sizes=\"(max-width: 300px) 100vw, 300px\" \/><\/a>La formaci\u00f3n gratuita que impulsa tu carrera en salud<\/h5>\n<p class=\"hero-title-text\">M\u00e1s de 40.000 profesionales de la salud que ya se forman con nuestros<strong>\u00a0cursos<\/strong>,\u00a0<strong>webinars<\/strong>,\u00a0<strong>recursos<\/strong>\u00a0y\u00a0<strong>actualidad cient\u00edfica<\/strong>.<\/p>\n<p>Accede al contenido con tu\u00a0<strong>cuenta gratuita<\/strong>.<\/p>\n<div class=\"button_wrapper  aligncenter\"><a  href=\"https:\/\/organonpro.com\/es-es\/?login=1\" target=\"_blank\" title=\"Accede al contenido con tu cuenta gratuita.\" class=\"button_  default medium\">Accede al contenido con tu <strong>cuenta gratuita<\/strong>.<\/a><\/div>[\/vc_column_text][\/vc_column][\/vc_row]<\/p>\n","protected":false},"excerpt":{"rendered":"<p>[vc_row rt_row_background_width=\u00bbdefault\u00bb rt_row_style=\u00bbdefault-style\u00bb rt_row_borders=\u00bb\u00bb rt_row_paddings=\u00bbtrue\u00bb rt_bg_effect=\u00bbclassic\u00bb rt_bg_image_repeat=\u00bbrepeat\u00bb rt_bg_size=\u00bbcover\u00bb rt_bg_position=\u00bbright top\u00bb rt_bg_attachment=\u00bbscroll\u00bb rt_bg_video_format=\u00bbself-hosted\u00bb][vc_column width=\u00bb1\/2&#8243; rt_wrp_col_paddings=\u00bbfalse\u00bb rt_border_top=\u00bb\u00bb rt_border_bottom=\u00bb\u00bb rt_border_left=\u00bb\u00bb rt_border_right=\u00bb\u00bb rt_border_top_mobile=\u00bb\u00bb rt_border_bottom_mobile=\u00bb\u00bb rt_border_left_mobile=\u00bb\u00bb rt_border_right_mobile=\u00bb\u00bb rt_bg_image_repeat=\u00bbrepeat\u00bb rt_bg_size=\u00bbauto auto\u00bb rt_bg_position=\u00bbright top\u00bb rt_bg_attachment=\u00bbscroll\u00bb][vc_column_text css=\u00bb\u00bb] Patrocina [&hellip;]<\/p>\n","protected":false},"author":1,"featured_media":73643,"comment_status":"closed","ping_status":"open","sticky":false,"template":"","format":"standard","meta":{"footnotes":""},"categories":[20,24,32,73,37],"tags":[],"class_list":["post-73640","post","type-post","status-publish","format-standard","has-post-thumbnail","hentry","category-comunicados-de-la-aeemt","category-comunicados-para-asociados","category-grupo-funcional-guias-y-protocolos","category-nl-mujeres","category-noticias-de-medicina"],"_links":{"self":[{"href":"https:\/\/www.aeemt.org\/web\/wp-json\/wp\/v2\/posts\/73640"}],"collection":[{"href":"https:\/\/www.aeemt.org\/web\/wp-json\/wp\/v2\/posts"}],"about":[{"href":"https:\/\/www.aeemt.org\/web\/wp-json\/wp\/v2\/types\/post"}],"author":[{"embeddable":true,"href":"https:\/\/www.aeemt.org\/web\/wp-json\/wp\/v2\/users\/1"}],"replies":[{"embeddable":true,"href":"https:\/\/www.aeemt.org\/web\/wp-json\/wp\/v2\/comments?post=73640"}],"version-history":[{"count":3,"href":"https:\/\/www.aeemt.org\/web\/wp-json\/wp\/v2\/posts\/73640\/revisions"}],"predecessor-version":[{"id":73650,"href":"https:\/\/www.aeemt.org\/web\/wp-json\/wp\/v2\/posts\/73640\/revisions\/73650"}],"wp:featuredmedia":[{"embeddable":true,"href":"https:\/\/www.aeemt.org\/web\/wp-json\/wp\/v2\/media\/73643"}],"wp:attachment":[{"href":"https:\/\/www.aeemt.org\/web\/wp-json\/wp\/v2\/media?parent=73640"}],"wp:term":[{"taxonomy":"category","embeddable":true,"href":"https:\/\/www.aeemt.org\/web\/wp-json\/wp\/v2\/categories?post=73640"},{"taxonomy":"post_tag","embeddable":true,"href":"https:\/\/www.aeemt.org\/web\/wp-json\/wp\/v2\/tags?post=73640"}],"curies":[{"name":"wp","href":"https:\/\/api.w.org\/{rel}","templated":true}]}}