{"id":73500,"date":"2026-01-24T14:01:50","date_gmt":"2026-01-24T13:01:50","guid":{"rendered":"https:\/\/www.aeemt.org\/web\/?p=73500"},"modified":"2026-01-27T14:08:33","modified_gmt":"2026-01-27T13:08:33","slug":"fundamentos-de-lavaloracion-funcional-biomecanica-instrumental-27-de-enero-de-2025","status":"publish","type":"post","link":"https:\/\/www.aeemt.org\/web\/2026\/01\/24\/fundamentos-de-lavaloracion-funcional-biomecanica-instrumental-27-de-enero-de-2025\/","title":{"rendered":"Fundamentos de la Valoraci\u00f3n Funcional Biomec\u00e1nica Instrumental. 27 de enero de 2025"},"content":{"rendered":"<p>[vc_row rt_row_background_width=\u00bbdefault\u00bb rt_row_style=\u00bbdefault-style\u00bb rt_column_placement=\u00bbmiddle\u00bb rt_row_borders=\u00bb\u00bb rt_overlap=\u00bbtrue\u00bb rt_row_paddings=\u00bbtrue\u00bb rt_bg_effect=\u00bbclassic\u00bb rt_bg_image_repeat=\u00bbrepeat\u00bb rt_bg_size=\u00bbcover\u00bb rt_bg_position=\u00bbright top\u00bb rt_bg_attachment=\u00bbscroll\u00bb rt_bg_video_format=\u00bbself-hosted\u00bb][vc_column width=\u00bb3\/4&#8243; rt_wrp_col_paddings=\u00bbfalse\u00bb rt_border_top=\u00bb\u00bb rt_border_bottom=\u00bb\u00bb rt_border_left=\u00bb\u00bb rt_border_right=\u00bb\u00bb rt_border_top_mobile=\u00bb\u00bb rt_border_bottom_mobile=\u00bb\u00bb rt_border_left_mobile=\u00bb\u00bb rt_border_right_mobile=\u00bb\u00bb rt_bg_image_repeat=\u00bbrepeat\u00bb rt_bg_size=\u00bbauto auto\u00bb rt_bg_position=\u00bbright top\u00bb rt_bg_attachment=\u00bbscroll\u00bb][vc_column_text css=\u00bb\u00bb]<\/p>\n<p style=\"text-align: center;\"><img loading=\"lazy\" decoding=\"async\" class=\"wp-image-73502 aligncenter\" src=\"https:\/\/www.aeemt.org\/web\/wp-content\/uploads\/2026\/01\/Banner-300x90.png\" alt=\"\" width=\"703\" height=\"211\" srcset=\"https:\/\/www.aeemt.org\/web\/wp-content\/uploads\/2026\/01\/Banner-300x90.png 300w, https:\/\/www.aeemt.org\/web\/wp-content\/uploads\/2026\/01\/Banner-1024x307.png 1024w, https:\/\/www.aeemt.org\/web\/wp-content\/uploads\/2026\/01\/Banner-768x230.png 768w, https:\/\/www.aeemt.org\/web\/wp-content\/uploads\/2026\/01\/Banner-600x180.png 600w, https:\/\/www.aeemt.org\/web\/wp-content\/uploads\/2026\/01\/Banner.png 1105w\" sizes=\"(max-width: 703px) 100vw, 703px\" \/><\/p>\n<p>[\/vc_column_text][\/vc_column][vc_column width=\u00bb1\/4&#8243; rt_wrp_col_paddings=\u00bbfalse\u00bb rt_border_top=\u00bb\u00bb rt_border_bottom=\u00bb\u00bb rt_border_left=\u00bb\u00bb rt_border_right=\u00bb\u00bb rt_border_top_mobile=\u00bb\u00bb rt_border_bottom_mobile=\u00bb\u00bb rt_border_left_mobile=\u00bb\u00bb rt_border_right_mobile=\u00bb\u00bb rt_bg_image_repeat=\u00bbrepeat\u00bb rt_bg_size=\u00bbauto auto\u00bb rt_bg_position=\u00bbright top\u00bb rt_bg_attachment=\u00bbscroll\u00bb][vc_column_text css=\u00bb\u00bb]<\/p>\n<h3 style=\"text-align: center;\"><strong>Organiza<\/strong><\/h3>\n<p>[\/vc_column_text][vc_column_text css=\u00bb\u00bb]<\/p>\n<h4 style=\"text-align: center;\">Instituto de Biomec\u00e1nica de Valencia (IBV)<\/h4>\n<p style=\"text-align: center;\"><a href=\"https:\/\/www.ibv.org\/\" target=\"_blank\" rel=\"noopener\"><img loading=\"lazy\" decoding=\"async\" class=\"wp-image-73240 aligncenter\" src=\"https:\/\/www.aeemt.org\/web\/wp-content\/uploads\/2025\/11\/IBV_th_RGB_grande-1.webp\" alt=\"\" width=\"545\" height=\"150\" \/><\/a><\/p>\n<p>[\/vc_column_text][\/vc_column][\/vc_row][vc_row rt_row_background_width=\u00bbdefault\u00bb rt_row_style=\u00bbdefault-style\u00bb rt_column_placement=\u00bbmiddle\u00bb rt_row_borders=\u00bb\u00bb rt_equal_heights=\u00bbtrue\u00bb rt_row_paddings=\u00bbtrue\u00bb rt_bg_effect=\u00bbclassic\u00bb rt_bg_image_repeat=\u00bbrepeat\u00bb rt_bg_size=\u00bbcover\u00bb rt_bg_position=\u00bbright top\u00bb rt_bg_attachment=\u00bbscroll\u00bb rt_bg_video_format=\u00bbself-hosted\u00bb][vc_column width=\u00bb1\/2&#8243; rt_wrp_col_paddings=\u00bbfalse\u00bb rt_border_top=\u00bb\u00bb rt_border_bottom=\u00bb\u00bb rt_border_left=\u00bb\u00bb rt_border_right=\u00bb\u00bb rt_border_top_mobile=\u00bb\u00bb rt_border_bottom_mobile=\u00bb\u00bb rt_border_left_mobile=\u00bb\u00bb rt_border_right_mobile=\u00bb\u00bb rt_bg_image_repeat=\u00bbrepeat\u00bb rt_bg_size=\u00bbauto auto\u00bb rt_bg_position=\u00bbright top\u00bb rt_bg_attachment=\u00bbscroll\u00bb css=\u00bb.vc_custom_1763399838341{background-color: #EBE9E9 !important;}\u00bb][vc_column_text css=\u00bb\u00bb]<img loading=\"lazy\" decoding=\"async\" class=\"aligncenter wp-image-73504 size-medium\" src=\"https:\/\/www.aeemt.org\/web\/wp-content\/uploads\/2026\/01\/IBV_junio24_0142-1-300x200.png\" alt=\"\" width=\"300\" height=\"200\" srcset=\"https:\/\/www.aeemt.org\/web\/wp-content\/uploads\/2026\/01\/IBV_junio24_0142-1-300x200.png 300w, https:\/\/www.aeemt.org\/web\/wp-content\/uploads\/2026\/01\/IBV_junio24_0142-1.png 500w\" sizes=\"(max-width: 300px) 100vw, 300px\" \/><\/p>\n<div class=\"row-fluid-wrapper row-depth-1 row-number-23 dnd-row\">\n<div class=\"row-fluid \">\n<div class=\"span12 widget-span widget-type-custom_widget dnd-module\" data-widget-type=\"custom_widget\" data-x=\"0\" data-w=\"12\">\n<div id=\"hs_cos_wrapper_module_1762166955979\" class=\"hs_cos_wrapper hs_cos_wrapper_widget hs_cos_wrapper_type_module widget-type-rich_text widget-type-rich_text\" data-hs-cos-general-type=\"widget\" data-hs-cos-type=\"module\"><\/div>\n<\/div>\n<\/div>\n<\/div>\n<p>[\/vc_column_text][\/vc_column][vc_column width=\u00bb1\/2&#8243; rt_wrp_col_paddings=\u00bbfalse\u00bb rt_border_top=\u00bb\u00bb rt_border_bottom=\u00bb\u00bb rt_border_left=\u00bb\u00bb rt_border_right=\u00bb\u00bb rt_border_top_mobile=\u00bb\u00bb rt_border_bottom_mobile=\u00bb\u00bb rt_border_left_mobile=\u00bb\u00bb rt_border_right_mobile=\u00bb\u00bb rt_bg_image_repeat=\u00bbrepeat\u00bb rt_bg_size=\u00bbauto auto\u00bb rt_bg_position=\u00bbright top\u00bb rt_bg_attachment=\u00bbscroll\u00bb css=\u00bb.vc_custom_1763477423311{background-color: #EBE9E9 !important;}\u00bb][vc_column_text css=\u00bb.vc_custom_1769518693439{background-color: #EEEEEE !important;}\u00bb]<img loading=\"lazy\" decoding=\"async\" class=\"aligncenter wp-image-73505 size-medium\" src=\"https:\/\/www.aeemt.org\/web\/wp-content\/uploads\/2026\/01\/IBV_nov24_S3_1997-300x200.png\" alt=\"\" width=\"300\" height=\"200\" srcset=\"https:\/\/www.aeemt.org\/web\/wp-content\/uploads\/2026\/01\/IBV_nov24_S3_1997-300x200.png 300w, https:\/\/www.aeemt.org\/web\/wp-content\/uploads\/2026\/01\/IBV_nov24_S3_1997.png 500w\" sizes=\"(max-width: 300px) 100vw, 300px\" \/><\/p>\n<div class=\"row-fluid-wrapper row-depth-1 row-number-28 dnd-row\">\n<div class=\"row-fluid \">\n<div class=\"span12 widget-span widget-type-custom_widget dnd-module\" data-widget-type=\"custom_widget\" data-x=\"0\" data-w=\"12\">\n<div id=\"hs_cos_wrapper_module_1762166781465\" class=\"hs_cos_wrapper hs_cos_wrapper_widget hs_cos_wrapper_type_module widget-type-rich_text widget-type-rich_text\" data-hs-cos-general-type=\"widget\" data-hs-cos-type=\"module\"><\/div>\n<\/div>\n<\/div>\n<\/div>\n<p>[\/vc_column_text][\/vc_column][\/vc_row][vc_row rt_row_background_width=\u00bbdefault\u00bb rt_row_style=\u00bbdefault-style\u00bb rt_row_borders=\u00bb\u00bb rt_row_paddings=\u00bbtrue\u00bb rt_bg_effect=\u00bbclassic\u00bb rt_bg_image_repeat=\u00bbrepeat\u00bb rt_bg_size=\u00bbcover\u00bb rt_bg_position=\u00bbright top\u00bb rt_bg_attachment=\u00bbscroll\u00bb rt_bg_video_format=\u00bbself-hosted\u00bb][vc_column width=\u00bb1\/2&#8243; rt_wrp_col_paddings=\u00bbfalse\u00bb rt_border_top=\u00bb\u00bb rt_border_bottom=\u00bb\u00bb rt_border_left=\u00bb\u00bb rt_border_right=\u00bb\u00bb rt_border_top_mobile=\u00bb\u00bb rt_border_bottom_mobile=\u00bb\u00bb rt_border_left_mobile=\u00bb\u00bb rt_border_right_mobile=\u00bb\u00bb rt_bg_image_repeat=\u00bbrepeat\u00bb rt_bg_size=\u00bbauto auto\u00bb rt_bg_position=\u00bbright top\u00bb rt_bg_attachment=\u00bbscroll\u00bb][vc_column_text css=\u00bb\u00bb]\u00a1La <strong>Asociaci\u00f3n Espa\u00f1ola de Especialistas en Medicina del Trabajo<\/strong> te invita el pr\u00f3ximo <strong>martes 27 de enero a las 16:00<\/strong> (Espa\u00f1a) al <strong>webinar gratuito<\/strong> titulado <strong>\u00abFundamentos de la Valoraci\u00f3n Funcional Biomec\u00e1nica Instrumental\u00bb, organizado <\/strong>por el <a href=\"https:\/\/www.ibv.org\/\" target=\"_blank\" rel=\"noopener\"><strong>Instituto de Biomec\u00e1nica de Valencia (IBV)<\/strong><\/a><\/p>\n<h3>Informaci\u00f3n general<\/h3>\n<p style=\"text-align: justify;\"><span id=\"hs_cos_wrapper_module_1728557330385_\" class=\"hs_cos_wrapper hs_cos_wrapper_widget hs_cos_wrapper_type_rich_text\" data-hs-cos-general-type=\"widget\" data-hs-cos-type=\"rich_text\">La Valoraci\u00f3n Funcional Biomec\u00e1nica Instrumental permite evaluar de forma objetiva la capacidad funcional real de las personas ofreciendo m\u00faltiples aplicaciones en campos como el sanitario, el laboral, el deportivo y para investigaci\u00f3n y docencia.<\/span><\/p>\n<div class=\"row-fluid-wrapper row-depth-1 row-number-15 dnd-row\">\n<div class=\"row-fluid \">\n<div class=\"span12 widget-span widget-type-custom_widget dnd-module\" data-widget-type=\"custom_widget\" data-x=\"0\" data-w=\"12\">\n<div id=\"hs_cos_wrapper_module_1753097064181\" class=\"hs_cos_wrapper hs_cos_wrapper_widget hs_cos_wrapper_type_module widget-type-rich_text widget-type-rich_text\" data-hs-cos-general-type=\"widget\" data-hs-cos-type=\"module\">\n<h3>\u00a0\u00a0 \u00a0\u00bf Qu\u00e9 vas a apender ?<\/h3>\n<\/div>\n<\/div>\n<\/div>\n<\/div>\n<div class=\"row-fluid-wrapper row-depth-1 row-number-16 dnd-row\">\n<div class=\"row-fluid \">\n<div class=\"span12 widget-span widget-type-custom_widget dnd-module\" data-widget-type=\"custom_widget\" data-x=\"0\" data-w=\"12\">\n<div id=\"hs_cos_wrapper_module_1721734693189\" class=\"hs_cos_wrapper hs_cos_wrapper_widget hs_cos_wrapper_type_module widget-type-text\" data-hs-cos-general-type=\"widget\" data-hs-cos-type=\"module\">El objetivo del webinar es aprender los fundamentos del an\u00e1lisis biomec\u00e1nico y su principales aplicaciones en el campo cl\u00ednico, el laboral, el deportivo y en investigaci\u00f3n.<\/div>\n<\/div>\n<\/div>\n<\/div>\n<div class=\"row-fluid-wrapper row-depth-1 row-number-17 dnd-row\">\n<div class=\"row-fluid \">\n<div class=\"span12 widget-span widget-type-custom_widget dnd-module\" data-widget-type=\"custom_widget\" data-x=\"0\" data-w=\"12\">\n<div id=\"hs_cos_wrapper_module_1761915260364\" class=\"hs_cos_wrapper hs_cos_wrapper_widget hs_cos_wrapper_type_module widget-type-rich_text widget-type-rich_text\" data-hs-cos-general-type=\"widget\" data-hs-cos-type=\"module\">\n<p>Se abordar\u00e1n las principales t\u00e9cnicas instrumentales de la valoraci\u00f3n biomec\u00e1nica, como es el an\u00e1lisis del movimiento, an\u00e1lisis de fuerzas y presiones y an\u00e1lisis de se\u00f1ales fisiol\u00f3gicas.<\/p>\n<p>Se tratar\u00e1n temas como la transformaci\u00f3n de datos biomec\u00e1nicos complejos en resultados funcionales claros, objetivos y cl\u00ednicamente relevantes.<\/p>\n<p>Para terminar, se mostrar\u00e1 aplicaciones reales\u00a0 mediante ejemplos pr\u00e1cticos en sus principales \u00e1mbitos de aplicaci\u00f3n.<\/p>\n<p>Un webinar imprescindible para profesionales que buscan tomar decisiones basadas en evidencia objetiva, mejorar la calidad de sus valoraciones y aplicar la biomec\u00e1nica con impacto real en su pr\u00e1ctica diaria.<\/p>\n<\/div>\n<\/div>\n<\/div>\n<\/div>\n<div class=\"row-fluid-wrapper row-depth-1 row-number-18 dnd-row\">\n<div class=\"row-fluid \">\n<div class=\"span12 widget-span widget-type-custom_widget dnd-module\" data-widget-type=\"custom_widget\" data-x=\"0\" data-w=\"12\">\n<div id=\"hs_cos_wrapper_module_1722324855896\" class=\"hs_cos_wrapper hs_cos_wrapper_widget hs_cos_wrapper_type_module widget-type-rich_text widget-type-rich_text\" data-hs-cos-general-type=\"widget\" data-hs-cos-type=\"module\">\n<h3>\u00a0 Contenidos de la sesi\u00f3n<\/h3>\n<\/div>\n<\/div>\n<\/div>\n<\/div>\n<div class=\"row-fluid-wrapper row-depth-1 row-number-19 dnd-row\">\n<div class=\"row-fluid \">\n<div class=\"span12 widget-span widget-type-custom_widget dnd-module\" data-widget-type=\"custom_widget\" data-x=\"0\" data-w=\"12\">\n<div id=\"hs_cos_wrapper_module_17195653462777\" class=\"hs_cos_wrapper hs_cos_wrapper_widget hs_cos_wrapper_type_module widget-type-rich_text widget-type-rich_text\" data-hs-cos-general-type=\"widget\" data-hs-cos-type=\"module\">\n<ol>\n<li>Presentaci\u00f3n de la sesi\u00f3n.<\/li>\n<li>Fundamentos de la valoraci\u00f3n biomec\u00e1nica.<\/li>\n<li>Tecnolog\u00edas y t\u00e9cnicas instrumentales.<\/li>\n<li>Aplicaciones y ejemplos reales.<\/li>\n<li>Turno abierto de palabra.<\/li>\n<\/ol>\n<div class=\"row-fluid-wrapper row-depth-1 row-number-22 dnd-row\">\n<div class=\"row-fluid \">\n<div class=\"span12 widget-span widget-type-custom_widget dnd-module\" data-widget-type=\"custom_widget\" data-x=\"0\" data-w=\"12\">\n<div id=\"hs_cos_wrapper_module_1753093747086\" class=\"hs_cos_wrapper hs_cos_wrapper_widget hs_cos_wrapper_type_module widget-type-rich_text widget-type-rich_text\" data-hs-cos-general-type=\"widget\" data-hs-cos-type=\"module\">\n<h3 style=\"text-align: center;\">\u00a0 \u00a0 \u00a0Ponente<\/h3>\n<\/div>\n<\/div>\n<\/div>\n<\/div>\n<div class=\"row-fluid-wrapper row-depth-1 row-number-23 dnd-row\">\n<div class=\"row-fluid \">\n<div class=\"span12 widget-span widget-type-cell dnd-column\" data-widget-type=\"cell\" data-x=\"0\" data-w=\"12\">\n<div class=\"row-fluid-wrapper row-depth-1 row-number-24 dnd-row\" style=\"text-align: center;\">\n<div class=\"row-fluid \">\n<div class=\"span12 widget-span widget-type-custom_widget module_1762164135931-flexbox-positioning dnd-module\" data-widget-type=\"custom_widget\" data-x=\"0\" data-w=\"12\">\n<div id=\"hs_cos_wrapper_module_1762164135931\" class=\"hs_cos_wrapper hs_cos_wrapper_widget hs_cos_wrapper_type_module widget-type-linked_image\" data-hs-cos-general-type=\"widget\" data-hs-cos-type=\"module\"><span id=\"hs_cos_wrapper_module_1762164135931_\" class=\"hs_cos_wrapper hs_cos_wrapper_widget hs_cos_wrapper_type_linked_image\" data-hs-cos-general-type=\"widget\" data-hs-cos-type=\"linked_image\"><img loading=\"lazy\" decoding=\"async\" class=\"hs-image-widget \" title=\"Foto_1-1\" src=\"https:\/\/lvf.digitalibv.com\/hs-fs\/hubfs\/Foto_1-1.jpg?width=300&amp;height=300&amp;name=Foto_1-1.jpg\" sizes=\"(max-width: 300px) 100vw, 300px\" srcset=\"https:\/\/lvf.digitalibv.com\/hs-fs\/hubfs\/Foto_1-1.jpg?width=150&amp;height=150&amp;name=Foto_1-1.jpg 150w, https:\/\/lvf.digitalibv.com\/hs-fs\/hubfs\/Foto_1-1.jpg?width=300&amp;height=300&amp;name=Foto_1-1.jpg 300w, https:\/\/lvf.digitalibv.com\/hs-fs\/hubfs\/Foto_1-1.jpg?width=450&amp;height=450&amp;name=Foto_1-1.jpg 450w, https:\/\/lvf.digitalibv.com\/hs-fs\/hubfs\/Foto_1-1.jpg?width=600&amp;height=600&amp;name=Foto_1-1.jpg 600w, https:\/\/lvf.digitalibv.com\/hs-fs\/hubfs\/Foto_1-1.jpg?width=750&amp;height=750&amp;name=Foto_1-1.jpg 750w, https:\/\/lvf.digitalibv.com\/hs-fs\/hubfs\/Foto_1-1.jpg?width=900&amp;height=900&amp;name=Foto_1-1.jpg 900w\" alt=\"Foto_1-1\" width=\"300\" height=\"300\" \/><\/span><\/div>\n<\/div>\n<\/div>\n<\/div>\n<div class=\"row-fluid-wrapper row-depth-1 row-number-25 dnd-row\" style=\"text-align: center;\">\n<div class=\"row-fluid \">\n<div class=\"span12 widget-span widget-type-custom_widget dnd-module\" data-widget-type=\"custom_widget\" data-x=\"0\" data-w=\"12\">\n<div id=\"hs_cos_wrapper_module_1762166781465\" class=\"hs_cos_wrapper hs_cos_wrapper_widget hs_cos_wrapper_type_module widget-type-rich_text widget-type-rich_text\" data-hs-cos-general-type=\"widget\" data-hs-cos-type=\"module\">\n<p>\u00c1lvaro Huguet<\/p>\n<\/div>\n<\/div>\n<\/div>\n<\/div>\n<div class=\"row-fluid-wrapper row-depth-1 row-number-26 dnd-row\">\n<div class=\"row-fluid \">\n<div class=\"span12 widget-span widget-type-custom_widget dnd-module\" data-widget-type=\"custom_widget\" data-x=\"0\" data-w=\"12\">\n<div id=\"hs_cos_wrapper_module_1753094056319\" class=\"hs_cos_wrapper hs_cos_wrapper_widget hs_cos_wrapper_type_module widget-type-rich_text widget-type-rich_text\" data-hs-cos-general-type=\"widget\" data-hs-cos-type=\"module\">\n<p style=\"text-align: center;\">Gestor de innovaci\u00f3n<\/p>\n<\/div>\n<\/div>\n<\/div>\n<\/div>\n<\/div>\n<\/div>\n<\/div>\n<\/div>\n<\/div>\n<\/div>\n<\/div>\n<p style=\"text-align: center;\"><div class=\"button_wrapper  aligncenter\"><a  href=\"https:\/\/lvf.digitalibv.com\/lvf-lp-2025-inscripcion-zoom-fundamentos-sociedades\" target=\"_blank\" title=\"Formulario de Registro\" class=\"button_  default medium\"><strong>Formulario de Registro<\/strong><\/a><\/div>\n<p>&nbsp;<\/p>\n<p>Esperamos que esta nueva actividad les resulte de inter\u00e9s.<\/p>\n<p>Gracias a todos.[\/vc_column_text][\/vc_column][vc_column width=\u00bb1\/2&#8243; rt_wrp_col_paddings=\u00bbfalse\u00bb rt_border_top=\u00bb\u00bb rt_border_bottom=\u00bb\u00bb rt_border_left=\u00bb\u00bb rt_border_right=\u00bb\u00bb rt_border_top_mobile=\u00bb\u00bb rt_border_bottom_mobile=\u00bb\u00bb rt_border_left_mobile=\u00bb\u00bb rt_border_right_mobile=\u00bb\u00bb rt_bg_image_repeat=\u00bbrepeat\u00bb rt_bg_size=\u00bbauto auto\u00bb rt_bg_position=\u00bbright top\u00bb rt_bg_attachment=\u00bbscroll\u00bb][vc_column_text css_animation=\u00bbzoomIn\u00bb css=\u00bb\u00bb]<\/p>\n<h3 style=\"text-align: center;\"><strong><img loading=\"lazy\" decoding=\"async\" class=\"wp-image-73502 aligncenter\" src=\"https:\/\/www.aeemt.org\/web\/wp-content\/uploads\/2026\/01\/Banner-300x90.png\" alt=\"\" width=\"647\" height=\"194\" srcset=\"https:\/\/www.aeemt.org\/web\/wp-content\/uploads\/2026\/01\/Banner-300x90.png 300w, https:\/\/www.aeemt.org\/web\/wp-content\/uploads\/2026\/01\/Banner-1024x307.png 1024w, https:\/\/www.aeemt.org\/web\/wp-content\/uploads\/2026\/01\/Banner-768x230.png 768w, https:\/\/www.aeemt.org\/web\/wp-content\/uploads\/2026\/01\/Banner-600x180.png 600w, https:\/\/www.aeemt.org\/web\/wp-content\/uploads\/2026\/01\/Banner.png 1105w\" sizes=\"(max-width: 647px) 100vw, 647px\" \/><\/strong><\/h3>\n<h3 style=\"text-align: center;\"><\/h3>\n<p>[\/vc_column_text][vc_column_text css=\u00bb\u00bb]<\/p>\n<div class=\"row-fluid-wrapper row-depth-1 row-number-6 dnd-row\">\n<div class=\"row-fluid \">\n<div class=\"span12 widget-span widget-type-custom_widget dnd-module\" data-widget-type=\"custom_widget\" data-x=\"0\" data-w=\"12\">\n<div id=\"hs_cos_wrapper_module_1728557330385\" class=\"hs_cos_wrapper hs_cos_wrapper_widget hs_cos_wrapper_type_module widget-type-rich_text widget-type-rich_text\" data-hs-cos-general-type=\"widget\" data-hs-cos-type=\"module\">\n<p style=\"text-align: justify;\" data-olk-copy-source=\"MessageBody\">La <strong>valoraci\u00f3n funcional biomec\u00e1nica<\/strong> est\u00e1 adquiriendo un papel cada vez m\u00e1s relevante en \u00e1mbitos como la cl\u00ednica, el deporte, la salud laboral y la investigaci\u00f3n, al permitir evaluar de forma <strong>objetiva y cuantificable<\/strong> la capacidad funcional real de las personas. Frente a enfoques basados \u00fanicamente en la observaci\u00f3n o la percepci\u00f3n subjetiva, el an\u00e1lisis biomec\u00e1nico aporta <strong>datos medibles y reproducibles<\/strong> que facilitan una mejor toma de decisiones profesionales.<\/p>\n<p style=\"text-align: justify;\">El objetivo del webinar es <strong>acercar la valoraci\u00f3n funcional biomec\u00e1nica instrumentada a profesionales que desean iniciarse en este campo<\/strong>, mostrando de forma clara qu\u00e9 es, qu\u00e9 tecnolog\u00edas utiliza y cu\u00e1les son sus principales aplicaciones en los \u00e1mbitos <strong>cl\u00ednico, deportivo, laboral y de investigaci\u00f3n<\/strong>, a trav\u00e9s de ejemplos reales.<\/p>\n<p style=\"text-align: justify;\">Durante la sesi\u00f3n se abordar\u00e1n:<\/p>\n<ul data-spread=\"false\">\n<li style=\"text-align: justify;\">Los fundamentos del an\u00e1lisis biomec\u00e1nico y la valoraci\u00f3n funcional.<\/li>\n<li style=\"text-align: justify;\">Las principales t\u00e9cnicas instrumentales (an\u00e1lisis del movimiento, an\u00e1lisis de fuerzas y presiones, an\u00e1lisis de se\u00f1ales fisiol\u00f3gicas).<\/li>\n<li style=\"text-align: justify;\">La transformaci\u00f3n de datos biomec\u00e1nicos complejos en resultados funcionales claros, objetivos y cl\u00ednicamente relevantes.<\/li>\n<li>\n<p style=\"text-align: justify;\">Aplicaciones reales mediante ejemplos pr\u00e1cticos.<\/p>\n<\/li>\n<\/ul>\n<\/div>\n<\/div>\n<\/div>\n<\/div>\n<p>[\/vc_column_text][vc_column_text css=\u00bb\u00bb]El webinar se celebrar\u00e1 a partir <strong>de las 16:00 horas <\/strong>\u00a0y la inscripci\u00f3n est\u00e1 disponible en el siguiente enlace:<\/p>\n<p style=\"text-align: center;\"><div class=\"button_wrapper  aligncenter\"><a  href=\"https:\/\/lvf.digitalibv.com\/lvf-lp-2025-inscripcion-zoom-fundamentos-sociedades\" target=\"_blank\" title=\"Formulario de Registro\" class=\"button_  default medium\"><strong>Formulario de Registro<\/strong><\/a><\/div>\n<p>[\/vc_column_text][vc_column_text css=\u00bb\u00bb]<\/p>\n<p style=\"text-align: center;\">Gracias por vuestra participaci\u00f3n.<\/p>\n<p>[\/vc_column_text][\/vc_column][\/vc_row][vc_row rt_row_background_width=\u00bbdefault\u00bb rt_row_style=\u00bbdefault-style\u00bb rt_row_borders=\u00bb\u00bb rt_row_paddings=\u00bbtrue\u00bb rt_bg_effect=\u00bbclassic\u00bb rt_bg_image_repeat=\u00bbrepeat\u00bb rt_bg_size=\u00bbcover\u00bb rt_bg_position=\u00bbright top\u00bb rt_bg_attachment=\u00bbscroll\u00bb rt_bg_video_format=\u00bbself-hosted\u00bb][vc_column width=\u00bb1\/3&#8243; rt_wrp_col_paddings=\u00bbfalse\u00bb rt_border_top=\u00bb\u00bb rt_border_bottom=\u00bb\u00bb rt_border_left=\u00bb\u00bb rt_border_right=\u00bb\u00bb rt_border_top_mobile=\u00bb\u00bb rt_border_bottom_mobile=\u00bb\u00bb rt_border_left_mobile=\u00bb\u00bb rt_border_right_mobile=\u00bb\u00bb rt_bg_image_repeat=\u00bbrepeat\u00bb rt_bg_size=\u00bbauto auto\u00bb rt_bg_position=\u00bbright top\u00bb rt_bg_attachment=\u00bbscroll\u00bb][vc_column_text css=\u00bb\u00bb]<\/p>\n<p style=\"text-align: center;\"><strong>Juan Carlos Rueda<\/strong><br \/>\n<em>Presidente AEEMT<\/em><\/p>\n<p>[\/vc_column_text][\/vc_column][vc_column width=\u00bb1\/3&#8243; rt_wrp_col_paddings=\u00bbfalse\u00bb rt_border_top=\u00bb\u00bb rt_border_bottom=\u00bb\u00bb rt_border_left=\u00bb\u00bb rt_border_right=\u00bb\u00bb rt_border_top_mobile=\u00bb\u00bb rt_border_bottom_mobile=\u00bb\u00bb rt_border_left_mobile=\u00bb\u00bb rt_border_right_mobile=\u00bb\u00bb rt_bg_image_repeat=\u00bbrepeat\u00bb rt_bg_size=\u00bbauto auto\u00bb rt_bg_position=\u00bbright top\u00bb rt_bg_attachment=\u00bbscroll\u00bb][vc_column_text css=\u00bb\u00bb]<\/p>\n<p style=\"text-align: center;\"><strong>Teresa Del Campo<\/strong><br \/>\n<em>Vicepta. AEEMT<\/em><\/p>\n<p>[\/vc_column_text][\/vc_column][\/vc_row]<\/p>\n","protected":false},"excerpt":{"rendered":"<p>[vc_row rt_row_background_width=\u00bbdefault\u00bb rt_row_style=\u00bbdefault-style\u00bb rt_column_placement=\u00bbmiddle\u00bb rt_row_borders=\u00bb\u00bb rt_overlap=\u00bbtrue\u00bb rt_row_paddings=\u00bbtrue\u00bb rt_bg_effect=\u00bbclassic\u00bb rt_bg_image_repeat=\u00bbrepeat\u00bb rt_bg_size=\u00bbcover\u00bb rt_bg_position=\u00bbright top\u00bb rt_bg_attachment=\u00bbscroll\u00bb rt_bg_video_format=\u00bbself-hosted\u00bb][vc_column width=\u00bb3\/4&#8243; rt_wrp_col_paddings=\u00bbfalse\u00bb rt_border_top=\u00bb\u00bb rt_border_bottom=\u00bb\u00bb rt_border_left=\u00bb\u00bb rt_border_right=\u00bb\u00bb rt_border_top_mobile=\u00bb\u00bb rt_border_bottom_mobile=\u00bb\u00bb rt_border_left_mobile=\u00bb\u00bb rt_border_right_mobile=\u00bb\u00bb rt_bg_image_repeat=\u00bbrepeat\u00bb rt_bg_size=\u00bbauto auto\u00bb rt_bg_position=\u00bbright top\u00bb rt_bg_attachment=\u00bbscroll\u00bb][vc_column_text [&hellip;]<\/p>\n","protected":false},"author":1,"featured_media":73502,"comment_status":"closed","ping_status":"closed","sticky":false,"template":"","format":"standard","meta":{"footnotes":""},"categories":[20,24,28,37],"tags":[],"class_list":["post-73500","post","type-post","status-publish","format-standard","has-post-thumbnail","hentry","category-comunicados-de-la-aeemt","category-comunicados-para-asociados","category-formacion","category-noticias-de-medicina"],"_links":{"self":[{"href":"https:\/\/www.aeemt.org\/web\/wp-json\/wp\/v2\/posts\/73500"}],"collection":[{"href":"https:\/\/www.aeemt.org\/web\/wp-json\/wp\/v2\/posts"}],"about":[{"href":"https:\/\/www.aeemt.org\/web\/wp-json\/wp\/v2\/types\/post"}],"author":[{"embeddable":true,"href":"https:\/\/www.aeemt.org\/web\/wp-json\/wp\/v2\/users\/1"}],"replies":[{"embeddable":true,"href":"https:\/\/www.aeemt.org\/web\/wp-json\/wp\/v2\/comments?post=73500"}],"version-history":[{"count":4,"href":"https:\/\/www.aeemt.org\/web\/wp-json\/wp\/v2\/posts\/73500\/revisions"}],"predecessor-version":[{"id":73513,"href":"https:\/\/www.aeemt.org\/web\/wp-json\/wp\/v2\/posts\/73500\/revisions\/73513"}],"wp:featuredmedia":[{"embeddable":true,"href":"https:\/\/www.aeemt.org\/web\/wp-json\/wp\/v2\/media\/73502"}],"wp:attachment":[{"href":"https:\/\/www.aeemt.org\/web\/wp-json\/wp\/v2\/media?parent=73500"}],"wp:term":[{"taxonomy":"category","embeddable":true,"href":"https:\/\/www.aeemt.org\/web\/wp-json\/wp\/v2\/categories?post=73500"},{"taxonomy":"post_tag","embeddable":true,"href":"https:\/\/www.aeemt.org\/web\/wp-json\/wp\/v2\/tags?post=73500"}],"curies":[{"name":"wp","href":"https:\/\/api.w.org\/{rel}","templated":true}]}}