{"id":73435,"date":"2026-01-22T14:15:19","date_gmt":"2026-01-22T13:15:19","guid":{"rendered":"https:\/\/www.aeemt.org\/web\/?p=73435"},"modified":"2026-01-22T14:16:25","modified_gmt":"2026-01-22T13:16:25","slug":"modificacion-ley-de-prl","status":"publish","type":"post","link":"https:\/\/www.aeemt.org\/web\/2026\/01\/22\/modificacion-ley-de-prl\/","title":{"rendered":"Modificaci\u00f3n Ley de PRL"},"content":{"rendered":"<p>[vc_row rt_row_background_width=\u00bbdefault\u00bb rt_row_style=\u00bbdefault-style\u00bb rt_row_borders=\u00bb\u00bb rt_row_paddings=\u00bbtrue\u00bb rt_bg_effect=\u00bbclassic\u00bb rt_bg_image_repeat=\u00bbrepeat\u00bb rt_bg_size=\u00bbcover\u00bb rt_bg_position=\u00bbright top\u00bb rt_bg_attachment=\u00bbscroll\u00bb rt_bg_video_format=\u00bbself-hosted\u00bb][vc_column rt_wrp_col_paddings=\u00bbfalse\u00bb rt_border_top=\u00bb\u00bb rt_border_bottom=\u00bb\u00bb rt_border_left=\u00bb\u00bb rt_border_right=\u00bb\u00bb rt_border_top_mobile=\u00bb\u00bb rt_border_bottom_mobile=\u00bb\u00bb rt_border_left_mobile=\u00bb\u00bb rt_border_right_mobile=\u00bb\u00bb rt_bg_image_repeat=\u00bbrepeat\u00bb rt_bg_size=\u00bbauto auto\u00bb rt_bg_position=\u00bbright top\u00bb rt_bg_attachment=\u00bbscroll\u00bb][vc_empty_space][\/vc_column][\/vc_row][vc_row rt_row_background_width=\u00bbdefault\u00bb rt_row_style=\u00bbdefault-style\u00bb rt_row_borders=\u00bb\u00bb rt_row_paddings=\u00bbtrue\u00bb rt_bg_effect=\u00bbclassic\u00bb rt_bg_image_repeat=\u00bbrepeat\u00bb rt_bg_size=\u00bbcover\u00bb rt_bg_position=\u00bbright top\u00bb rt_bg_attachment=\u00bbscroll\u00bb rt_bg_video_format=\u00bbself-hosted\u00bb][vc_column width=\u00bb2\/3&#8243; rt_wrp_col_paddings=\u00bbfalse\u00bb rt_border_top=\u00bb\u00bb rt_border_bottom=\u00bb\u00bb rt_border_left=\u00bb\u00bb rt_border_right=\u00bb\u00bb rt_border_top_mobile=\u00bb\u00bb rt_border_bottom_mobile=\u00bb\u00bb rt_border_left_mobile=\u00bb\u00bb rt_border_right_mobile=\u00bb\u00bb rt_bg_image_repeat=\u00bbrepeat\u00bb rt_bg_size=\u00bbauto auto\u00bb rt_bg_position=\u00bbright top\u00bb rt_bg_attachment=\u00bbscroll\u00bb][vc_single_image image=\u00bb73436&#8243; img_size=\u00bbfull\u00bb css=\u00bb\u00bb][\/vc_column][vc_column width=\u00bb1\/3&#8243; rt_wrp_col_paddings=\u00bbfalse\u00bb rt_border_top=\u00bb\u00bb rt_border_bottom=\u00bb\u00bb rt_border_left=\u00bb\u00bb rt_border_right=\u00bb\u00bb rt_border_top_mobile=\u00bb\u00bb rt_border_bottom_mobile=\u00bb\u00bb rt_border_left_mobile=\u00bb\u00bb rt_border_right_mobile=\u00bb\u00bb rt_bg_image_repeat=\u00bbrepeat\u00bb rt_bg_size=\u00bbauto auto\u00bb rt_bg_position=\u00bbright top\u00bb rt_bg_attachment=\u00bbscroll\u00bb][vc_column_text css=\u00bb\u00bb]<\/p>\n<h2>\ud83d\udce2 <strong>Consulta p\u00fablica \u2013 Modificaci\u00f3n Ley de Prevenci\u00f3n de Riesgos Laborales<\/strong><\/h2>\n<p>Desde la <strong>AEEMT<\/strong> hemos presentado alegaciones al anteproyecto de modificaci\u00f3n de la Ley 31\/1995 y del RD 39\/1997, centradas en:<\/p>\n<p>\u2714\ufe0f <strong>Nuevos protocolos<\/strong> de vigilancia de la salud (riesgos psicosociales, teletrabajo, clima extremo, turnos).<br \/>\n\u2714\ufe0f Actualizaci\u00f3n de protocolos con <strong>perspectiva de g\u00e9nero y edad entre otros<\/strong>.<br \/>\n\u2714\ufe0f Refuerzo de la protecci\u00f3n en <strong>embarazo y lactancia, <\/strong>incluyendo revisiones del protocolo con participaci\u00f3n de m\u00e9dicos del trabajo.<br \/>\n\u2714\ufe0f Mejor <strong>coordinaci\u00f3n<\/strong> entre Servicios de Prevenci\u00f3n, Mutuas, INSS y Sistema P\u00fablico de Salud.<br \/>\n\u2714\ufe0f Fortalecimiento del papel t\u00e9cnico-sanitario del Servicio de Prevenci\u00f3n.<br \/>\n\u2714\ufe0f Revisi\u00f3n de la figura de \u201c<strong>agentes territoriales<\/strong>\u201d y propuesta de alternativas.<br \/>\n\u2714\ufe0f Mejora de ratios y exigencias legales en Servicios de Prevenci\u00f3n acreditados.[\/vc_column_text][\/vc_column][\/vc_row][vc_row rt_row_background_width=\u00bbdefault\u00bb rt_row_style=\u00bbdefault-style\u00bb rt_row_borders=\u00bb\u00bb rt_row_paddings=\u00bbtrue\u00bb rt_bg_effect=\u00bbclassic\u00bb rt_bg_image_repeat=\u00bbrepeat\u00bb rt_bg_size=\u00bbcover\u00bb rt_bg_position=\u00bbright top\u00bb rt_bg_attachment=\u00bbscroll\u00bb rt_bg_video_format=\u00bbself-hosted\u00bb][vc_column rt_wrp_col_paddings=\u00bbfalse\u00bb rt_border_top=\u00bb\u00bb rt_border_bottom=\u00bb\u00bb rt_border_left=\u00bb\u00bb rt_border_right=\u00bb\u00bb rt_border_top_mobile=\u00bb\u00bb rt_border_bottom_mobile=\u00bb\u00bb rt_border_left_mobile=\u00bb\u00bb rt_border_right_mobile=\u00bb\u00bb rt_bg_image_repeat=\u00bbrepeat\u00bb rt_bg_size=\u00bbauto auto\u00bb rt_bg_position=\u00bbright top\u00bb rt_bg_attachment=\u00bbscroll\u00bb][vc_empty_space][vc_column_text css=\u00bb\u00bb]<\/p>\n<h2><strong>ALEGACIONES ANTEPROYECTO DE LEY DE MODIFICACI\u00d3N DE LA LEY 31\/1995 DE PREVENCI\u00d3N DE RIESGOS LABORALES Y DEL RD 39\/1997 DE REGLAMENTO DE LOS SERVICIOS DE PREVENCI\u00d3N<\/strong><\/h2>\n<p>Atendiendo a la consulta p\u00fablica, se presentan las siguientes alegaciones en relaci\u00f3n a los objetivos de la norma que han sido definidos en el documento que aparece en la plataforma de dicha consulta p\u00fablica:<\/p>\n<ul>\n<li>\n<h4><strong>\u201cVisibilizar ciertos riesgos cuya presencia se ha ido incrementando\u201d.<\/strong><\/h4>\n<p>En esta alegaci\u00f3n se propone la elaboraci\u00f3n de nuevos protocolos de vigilancia de la salud, por parte de grupos de trabajo de personas expertas en todas las especialidades de prevenci\u00f3n de riesgos laborales (Medicina del Trabajo, Enfermer\u00eda del Trabajo, Seguridad en el Trabajo, Higiene Industrial, y Ergonom\u00eda y Psicosociolog\u00eda Aplicada) respecto a riesgos psicosociales, teletrabajo, condiciones ambientales extremas (derivadas del cambio clim\u00e1tico) y turnicidad\/nocturnidad.<\/li>\n<\/ul>\n<p>&nbsp;<\/p>\n<ul>\n<li>\n<h4><strong>\u201cIntegrar la perspectiva de g\u00e9nero e incorporar la integraci\u00f3n de la edad\u201d.<\/strong><\/h4>\n<p>En esta alegaci\u00f3n se propone la actualizaci\u00f3n de los protocolos de vigilancia de la salud publicados por el Ministerio de Sanidad. Dicha actualizaci\u00f3n se deber\u00eda llevar a cabo por parte de grupos de trabajo de personas expertas en todas las especialidades de prevenci\u00f3n de riesgos laborales (Medicina del Trabajo, Enfermer\u00eda del Trabajo, Seguridad en el Trabajo, Higiene Industrial, y Ergonom\u00eda y Psicosociolog\u00eda Aplicada) y se deber\u00eda incluir en ellos la perspectiva de g\u00e9nero y la integraci\u00f3n de la edad, entre otros aspectos que requieren actualizaci\u00f3n.<\/li>\n<\/ul>\n<p>&nbsp;<\/p>\n<ul>\n<li>\n<h4><strong>\u201cReforzar la protecci\u00f3n de las trabajadoras embarazadas o en situaci\u00f3n de lactancia\u201d.<\/strong><\/h4>\n<p>En esta alegaci\u00f3n se propone la actualizaci\u00f3n del protocolo publicado por el Ministerio de Inclusi\u00f3n, Seguridad Social y Migraciones mediante un grupo de trabajo de personas expertas incluyendo a especialistas en Medicina del Trabajo, en Ginecolog\u00eda y Obstetricia y Pediatr\u00eda.<\/li>\n<\/ul>\n<p>&nbsp;<\/p>\n<ul>\n<li>\n<h4><strong>\u201cPrevenir los accidentes y enfermedades relacionadas con el trabajo\u201d<\/strong><\/h4>\n<p>. En esta alegaci\u00f3n se propone aumentar las v\u00edas de comunicaci\u00f3n y colaboraci\u00f3n del personal sanitario de los Servicios de Prevenci\u00f3n y Mutuas Colaboradoras con la Seguridad Social, con los Servicios P\u00fablicos de Salud y el Instituto Nacional de Seguridad Social, en especial respecto a la incapacidad laboral.<\/li>\n<\/ul>\n<p>&nbsp;<\/p>\n<ul>\n<li>\n<h4><strong>\u201cFortalecer la organizaci\u00f3n preventiva de la empresa\u201d.<\/strong><\/h4>\n<p>En esta alegaci\u00f3n se propone reforzar el car\u00e1cter t\u00e9cnico-sanitario del Servicio de Prevenci\u00f3n con autonom\u00eda funcional y posici\u00f3n central en el sistema preventivo. Y se propone que se incluya el mantener y reforzar la vigilancia de la salud para los trabajadores, realizada por personal especializado en Medicina y Enfermer\u00eda del Trabajo. Con especial menci\u00f3n a las empresas con riesgos laborales contemplados en el Anexo I del actual Reglamento de los Servicios de Prevenci\u00f3n, en las que los requisitos sobre la organizaci\u00f3n preventiva se deber\u00eda reforzar en cuanto a recursos humanos que incluyan a especialistas sanitarios en Medicina y enfermer\u00eda del Trabajo y t\u00e9cnicos en prevenci\u00f3n de riesgos laborales en sus lugares de trabajo, as\u00ed como reforzar las exigencias legales relacionadas con el cumplimiento de la gesti\u00f3n preventiva en dichas empresas.<\/li>\n<\/ul>\n<p>&nbsp;<\/p>\n<ul>\n<li>\n<h4><strong>\u201cLa creaci\u00f3n de agentes territoriales de prevenci\u00f3n, con especial impacto positivo en las PYMES\u201d y \u201caumentar la protecci\u00f3n de las personas trabajadoras aut\u00f3nomas\u201d<\/strong><\/h4>\n<p>En esta alegaci\u00f3n se propone eliminar la creaci\u00f3n de dichos agentes territoriales debido a que no queda claro su proceso de selecci\u00f3n ni sus funciones. Como alternativa, se propone que los Servicios de Prevenci\u00f3n Ajenos dispongan de unos especialistas en prevenci\u00f3n de riesgos laborales especializados en los distintos sectores de producci\u00f3n y riesgos laborales para que puedan atender a las necesidades de las PYMES y aut\u00f3nomos, y as\u00ed mejorar su protecci\u00f3n. En todo caso, si se creara la figura de agentes territoriales de prevenci\u00f3n, estos t\u00e9cnicos deber\u00edan ser personas especialistas con t\u00edtulo superior en prevenci\u00f3n de riesgos laborales (Medicina del Trabajo, Enfermer\u00eda del Trabajo, Seguridad en el Trabajo, Higiene Industrial, y\/o Ergonom\u00eda y Psicosociolog\u00eda Aplicada) y que accedieran a dicho puesto mediante oposici\u00f3n.<\/li>\n<\/ul>\n<p>&nbsp;<\/p>\n<ul>\n<li>\n<h4><strong>\u201cReforzar el funcionamiento de las entidades especializadas que hayan sido acreditadas como servicios de prevenci\u00f3n\u201d.<\/strong><\/h4>\n<p>En esta alegaci\u00f3n se propone revisar los ratios de sus recursos humanos con las especialidades de prevenci\u00f3n de riesgos laborales (Medicina del Trabajo, Enfermer\u00eda del Trabajo, Seguridad en el Trabajo, Higiene Industrial, y Ergonom\u00eda y Psicosociolog\u00eda Aplicada) as\u00ed como reforzar las exigencias legales relacionadas con el cumplimiento de la gesti\u00f3n preventiva en dichas empresas.<\/li>\n<\/ul>\n<p>[\/vc_column_text][vc_empty_space][vc_text_separator title=\u00bb\ud83d\udccc Ahora queremos contar contigo\u00bb color=\u00bbgreen\u00bb css=\u00bb\u00bb][vc_column_text css=\u00bb\u00bb]Si est\u00e1s de acuerdo con estas propuestas, te animamos a que presentes tus alegaciones <strong>a t\u00edtulo individual<\/strong> en la consulta p\u00fablica oficial:<\/p>\n<p>\ud83d\udd17 <a href=\"https:\/\/expinterweb.mites.gob.es\/participa\/listado?tramite=2&amp;estado=1\">https:\/\/expinterweb.mites.gob.es\/participa\/listado?tramite=2&amp;estado=1<\/a><\/p>\n<p>\ud83d\uddd3\ufe0f Plazo abierto actualmente.<\/p>\n<ul>\n<li>El plazo para la presentaci\u00f3n de aportaciones termina el d\u00eda\u00a0<span class=\"fecha\">23 de enero de 2026, a las 23:00:59<\/span>.<\/li>\n<\/ul>\n<p>Tu participaci\u00f3n es clave para reforzar la Medicina del Trabajo y la prevenci\u00f3n laboral.<br \/>\nGracias por sumar.[\/vc_column_text][\/vc_column][\/vc_row]<\/p>\n","protected":false},"excerpt":{"rendered":"<p>[vc_row rt_row_background_width=\u00bbdefault\u00bb rt_row_style=\u00bbdefault-style\u00bb rt_row_borders=\u00bb\u00bb rt_row_paddings=\u00bbtrue\u00bb rt_bg_effect=\u00bbclassic\u00bb rt_bg_image_repeat=\u00bbrepeat\u00bb rt_bg_size=\u00bbcover\u00bb rt_bg_position=\u00bbright top\u00bb rt_bg_attachment=\u00bbscroll\u00bb rt_bg_video_format=\u00bbself-hosted\u00bb][vc_column rt_wrp_col_paddings=\u00bbfalse\u00bb rt_border_top=\u00bb\u00bb rt_border_bottom=\u00bb\u00bb rt_border_left=\u00bb\u00bb rt_border_right=\u00bb\u00bb rt_border_top_mobile=\u00bb\u00bb rt_border_bottom_mobile=\u00bb\u00bb rt_border_left_mobile=\u00bb\u00bb rt_border_right_mobile=\u00bb\u00bb rt_bg_image_repeat=\u00bbrepeat\u00bb rt_bg_size=\u00bbauto auto\u00bb rt_bg_position=\u00bbright top\u00bb rt_bg_attachment=\u00bbscroll\u00bb][vc_empty_space][\/vc_column][\/vc_row][vc_row rt_row_background_width=\u00bbdefault\u00bb rt_row_style=\u00bbdefault-style\u00bb rt_row_borders=\u00bb\u00bb [&hellip;]<\/p>\n","protected":false},"author":1829,"featured_media":73436,"comment_status":"closed","ping_status":"closed","sticky":false,"template":"","format":"standard","meta":{"footnotes":""},"categories":[20],"tags":[],"class_list":["post-73435","post","type-post","status-publish","format-standard","has-post-thumbnail","hentry","category-comunicados-de-la-aeemt"],"_links":{"self":[{"href":"https:\/\/www.aeemt.org\/web\/wp-json\/wp\/v2\/posts\/73435"}],"collection":[{"href":"https:\/\/www.aeemt.org\/web\/wp-json\/wp\/v2\/posts"}],"about":[{"href":"https:\/\/www.aeemt.org\/web\/wp-json\/wp\/v2\/types\/post"}],"author":[{"embeddable":true,"href":"https:\/\/www.aeemt.org\/web\/wp-json\/wp\/v2\/users\/1829"}],"replies":[{"embeddable":true,"href":"https:\/\/www.aeemt.org\/web\/wp-json\/wp\/v2\/comments?post=73435"}],"version-history":[{"count":4,"href":"https:\/\/www.aeemt.org\/web\/wp-json\/wp\/v2\/posts\/73435\/revisions"}],"predecessor-version":[{"id":73447,"href":"https:\/\/www.aeemt.org\/web\/wp-json\/wp\/v2\/posts\/73435\/revisions\/73447"}],"wp:featuredmedia":[{"embeddable":true,"href":"https:\/\/www.aeemt.org\/web\/wp-json\/wp\/v2\/media\/73436"}],"wp:attachment":[{"href":"https:\/\/www.aeemt.org\/web\/wp-json\/wp\/v2\/media?parent=73435"}],"wp:term":[{"taxonomy":"category","embeddable":true,"href":"https:\/\/www.aeemt.org\/web\/wp-json\/wp\/v2\/categories?post=73435"},{"taxonomy":"post_tag","embeddable":true,"href":"https:\/\/www.aeemt.org\/web\/wp-json\/wp\/v2\/tags?post=73435"}],"curies":[{"name":"wp","href":"https:\/\/api.w.org\/{rel}","templated":true}]}}