{"id":71101,"date":"2025-05-07T12:43:13","date_gmt":"2025-05-07T10:43:13","guid":{"rendered":"https:\/\/www.aeemt.org\/web\/?p=71101"},"modified":"2025-05-07T18:33:19","modified_gmt":"2025-05-07T16:33:19","slug":"jornada-cefalea-y-trabajo-organiza-aeemt-colabora-pfizer","status":"publish","type":"post","link":"https:\/\/www.aeemt.org\/web\/2025\/05\/07\/jornada-cefalea-y-trabajo-organiza-aeemt-colabora-pfizer\/","title":{"rendered":"Jornada \u00ab\ud835\uddd6\ud835\uddf2\ud835\uddf3\ud835\uddee\ud835\uddf9\ud835\uddf2\ud835\uddee \ud835\ude06 \ud835\udde7\ud835\uddff\ud835\uddee\ud835\uddef\ud835\uddee\ud835\uddf7\ud835\uddfc\u00bb. Organiza AEEMT. Colabora Pfizer. 7 de mayo 2025"},"content":{"rendered":"<p>[vc_row rt_row_background_width=\u00bbdefault\u00bb rt_row_style=\u00bbdefault-style\u00bb rt_row_borders=\u00bb\u00bb rt_row_paddings=\u00bbtrue\u00bb rt_bg_effect=\u00bbclassic\u00bb rt_bg_image_repeat=\u00bbrepeat\u00bb rt_bg_size=\u00bbcover\u00bb rt_bg_position=\u00bbright top\u00bb rt_bg_attachment=\u00bbscroll\u00bb rt_bg_video_format=\u00bbself-hosted\u00bb][vc_column width=\u00bb1\/2&#8243; rt_wrp_col_paddings=\u00bbfalse\u00bb rt_border_top=\u00bb\u00bb rt_border_bottom=\u00bb\u00bb rt_border_left=\u00bb\u00bb rt_border_right=\u00bb\u00bb rt_border_top_mobile=\u00bb\u00bb rt_border_bottom_mobile=\u00bb\u00bb rt_border_left_mobile=\u00bb\u00bb rt_border_right_mobile=\u00bb\u00bb rt_bg_image_repeat=\u00bbrepeat\u00bb rt_bg_size=\u00bbauto auto\u00bb rt_bg_position=\u00bbright top\u00bb rt_bg_attachment=\u00bbscroll\u00bb][vc_column_text css=\u00bb\u00bb]<\/p>\n<h3 style=\"text-align: center;\">Organiza<\/h3>\n<p style=\"text-align: center;\"><img loading=\"lazy\" decoding=\"async\" class=\"alignnone wp-image-3534 \" src=\"https:\/\/www.aeemt.org\/web\/wp-content\/uploads\/2017\/05\/logoDibujado-296x300.png\" alt=\"\" width=\"158\" height=\"160\" srcset=\"https:\/\/www.aeemt.org\/web\/wp-content\/uploads\/2017\/05\/logoDibujado-296x300.png 296w, https:\/\/www.aeemt.org\/web\/wp-content\/uploads\/2017\/05\/logoDibujado-100x100.png 100w, https:\/\/www.aeemt.org\/web\/wp-content\/uploads\/2017\/05\/logoDibujado.png 402w\" sizes=\"(max-width: 158px) 100vw, 158px\" \/><\/p>\n<p>[\/vc_column_text][\/vc_column][vc_column width=\u00bb1\/2&#8243; rt_wrp_col_paddings=\u00bbfalse\u00bb rt_border_top=\u00bb\u00bb rt_border_bottom=\u00bb\u00bb rt_border_left=\u00bb\u00bb rt_border_right=\u00bb\u00bb rt_border_top_mobile=\u00bb\u00bb rt_border_bottom_mobile=\u00bb\u00bb rt_border_left_mobile=\u00bb\u00bb rt_border_right_mobile=\u00bb\u00bb rt_bg_image_repeat=\u00bbrepeat\u00bb rt_bg_size=\u00bbauto auto\u00bb rt_bg_position=\u00bbright top\u00bb rt_bg_attachment=\u00bbscroll\u00bb][vc_column_text css=\u00bb\u00bb]<\/p>\n<h3 style=\"text-align: center;\">Con el apoyo financiero independiente de Pfizer<\/h3>\n<p style=\"text-align: center;\"><img loading=\"lazy\" decoding=\"async\" class=\"alignnone wp-image-22841 size-medium\" src=\"https:\/\/www.aeemt.org\/web\/wp-content\/uploads\/2021\/02\/pfizer-300x168.jpg\" alt=\"\" width=\"300\" height=\"168\" srcset=\"https:\/\/www.aeemt.org\/web\/wp-content\/uploads\/2021\/02\/pfizer-300x168.jpg 300w, https:\/\/www.aeemt.org\/web\/wp-content\/uploads\/2021\/02\/pfizer-600x337.jpg 600w, https:\/\/www.aeemt.org\/web\/wp-content\/uploads\/2021\/02\/pfizer.jpg 650w\" sizes=\"(max-width: 300px) 100vw, 300px\" \/><\/p>\n<p>[\/vc_column_text][\/vc_column][\/vc_row][vc_row rt_row_background_width=\u00bbdefault\u00bb rt_row_style=\u00bbdefault-style\u00bb rt_row_borders=\u00bb\u00bb rt_row_paddings=\u00bbtrue\u00bb rt_bg_effect=\u00bbclassic\u00bb rt_bg_image_repeat=\u00bbrepeat\u00bb rt_bg_size=\u00bbcover\u00bb rt_bg_position=\u00bbright top\u00bb rt_bg_attachment=\u00bbscroll\u00bb rt_bg_video_format=\u00bbself-hosted\u00bb][vc_column width=\u00bb1\/2&#8243; rt_wrp_col_paddings=\u00bbfalse\u00bb rt_border_top=\u00bb\u00bb rt_border_bottom=\u00bb\u00bb rt_border_left=\u00bb\u00bb rt_border_right=\u00bb\u00bb rt_border_top_mobile=\u00bb\u00bb rt_border_bottom_mobile=\u00bb\u00bb rt_border_left_mobile=\u00bb\u00bb rt_border_right_mobile=\u00bb\u00bb rt_bg_image_repeat=\u00bbrepeat\u00bb rt_bg_size=\u00bbauto auto\u00bb rt_bg_position=\u00bbright top\u00bb rt_bg_attachment=\u00bbscroll\u00bb][vc_column_text css_animation=\u00bbtop-to-bottom\u00bb css=\u00bb\u00bb]<\/p>\n<p style=\"text-align: center;\"><strong>Formulario de Inscripci\u00f3n Sesi\u00f3n Online pulsando sobre el siguiente enlace.<\/strong><\/p>\n<p style=\"text-align: center;\"><div class=\"button_wrapper  aligncenter\"><a  href=\"https:\/\/www.aeemt.org\/web\/2025\/05\/07\/formulario-de-inscripcion-sesion-online-jornada-cefalea-y-trabajo\/\" target=\"_blank\" title=\"Enlace a las sesiones\" class=\"button_  default big\"><strong>Formulario de Inscripci\u00f3n Sesi\u00f3n Online Cefalea y Trabajo<\/strong><\/a><\/div>\n<p>[\/vc_column_text][vc_video link=\u00bbhttps:\/\/www.youtube.com\/live\/MZlaf9OiCu0?si=PkvIJRODv9Tifm0t\u00bb css=\u00bb\u00bb][vc_column_text css=\u00bb\u00bb]Suscr\u00edbete a nuestro\u00a0<a href=\"https:\/\/www.youtube.com\/channel\/UCNLO2eURcKj9TnOj6Dn0GnQ\/\" target=\"_blank\" rel=\"noopener noreferrer\"><strong>Canal de Youtube<\/strong><\/a>\u00a0y tendr\u00e1s acceso a todos nuestros v\u00eddeos grabados, emisiones en directo y notificaciones de actividad<\/p>\n<p><a href=\"https:\/\/www.youtube.com\/channel\/UCNLO2eURcKj9TnOj6Dn0GnQ?sub_confirmation=1\" target=\"_blank\" rel=\"noopener\"><img loading=\"lazy\" decoding=\"async\" class=\"wp-image-8600 aligncenter\" src=\"https:\/\/www.aeemt.org\/web\/wp-content\/uploads\/2020\/06\/You-Tube-Suscrpcion-300x104.jpg\" alt=\"\" width=\"355\" height=\"123\" srcset=\"https:\/\/www.aeemt.org\/web\/wp-content\/uploads\/2020\/06\/You-Tube-Suscrpcion-300x104.jpg 300w, https:\/\/www.aeemt.org\/web\/wp-content\/uploads\/2020\/06\/You-Tube-Suscrpcion.jpg 381w\" sizes=\"(max-width: 355px) 100vw, 355px\" \/><\/a>[\/vc_column_text][\/vc_column][vc_column width=\u00bb1\/2&#8243; rt_wrp_col_paddings=\u00bbfalse\u00bb rt_border_top=\u00bb\u00bb rt_border_bottom=\u00bb\u00bb rt_border_left=\u00bb\u00bb rt_border_right=\u00bb\u00bb rt_border_top_mobile=\u00bb\u00bb rt_border_bottom_mobile=\u00bb\u00bb rt_border_left_mobile=\u00bb\u00bb rt_border_right_mobile=\u00bb\u00bb rt_bg_image_repeat=\u00bbrepeat\u00bb rt_bg_size=\u00bbauto auto\u00bb rt_bg_position=\u00bbright top\u00bb rt_bg_attachment=\u00bbscroll\u00bb][vc_column_text css_animation=\u00bbappear\u00bb css=\u00bb\u00bb]<\/p>\n<p style=\"text-align: center;\">Jornada \u00ab\ud835\uddd6\ud835\uddf2\ud835\uddf3\ud835\uddee\ud835\uddf9\ud835\uddf2\ud835\uddee \ud835\ude06 \ud835\udde7\ud835\uddff\ud835\uddee\ud835\uddef\ud835\uddee\ud835\uddf7\ud835\uddfc\u00bb. Organiza AEEMT. Colabora Pfizer. 7 de mayo 2025<\/p>\n<p style=\"text-align: center;\"><img loading=\"lazy\" decoding=\"async\" class=\"wp-image-71102 aligncenter\" src=\"https:\/\/www.aeemt.org\/web\/wp-content\/uploads\/2025\/04\/Jornada-Cefalea-y-Trabajo-300x174.png\" alt=\"\" width=\"595\" height=\"345\" srcset=\"https:\/\/www.aeemt.org\/web\/wp-content\/uploads\/2025\/04\/Jornada-Cefalea-y-Trabajo-300x174.png 300w, https:\/\/www.aeemt.org\/web\/wp-content\/uploads\/2025\/04\/Jornada-Cefalea-y-Trabajo-1024x594.png 1024w, https:\/\/www.aeemt.org\/web\/wp-content\/uploads\/2025\/04\/Jornada-Cefalea-y-Trabajo-768x445.png 768w, https:\/\/www.aeemt.org\/web\/wp-content\/uploads\/2025\/04\/Jornada-Cefalea-y-Trabajo-600x348.png 600w, https:\/\/www.aeemt.org\/web\/wp-content\/uploads\/2025\/04\/Jornada-Cefalea-y-Trabajo.png 1145w\" sizes=\"(max-width: 595px) 100vw, 595px\" \/><\/p>\n<p>[\/vc_column_text][vc_column_text css=\u00bb\u00bb]\u00a1La <strong>Asociaci\u00f3n de Especialistas en Medicina del Trabajo<\/strong> os invita este pr\u00f3ximo <strong>7 de mayo de 2025<\/strong> a la jornada \u00ab\ud835\uddd6\ud835\uddf2\ud835\uddf3\ud835\uddee\ud835\uddf9\ud835\uddf2\ud835\uddee \ud835\ude06 \ud835\udde7\ud835\uddff\ud835\uddee\ud835\uddef\ud835\uddee\ud835\uddf7\ud835\uddfc\u00bb, que tendr\u00e1 lugar en el <strong>Aula Gregorio Mara\u00f1\u00f3n del Ilustre Colegio de M\u00e9dicos de Madrid (ICOMEM), en horario de 17:00 a 20:00 horas<\/strong><\/p>\n<h3>Informaci\u00f3n general<\/h3>\n<p>En poblaci\u00f3n laboral se estima que la cefalea afecta a un 10% de trabajadores, lo que supone una importante repercusi\u00f3n respecto a presentismo, absentismo y costes para el empleado y para la empresa.<\/p>\n<p>Desde la Asociaci\u00f3n Espa\u00f1ola de Especialistas en Medicina del Trabajo (AEEMT) planteamos la necesidad de realizar una jornada formativa de actualizaci\u00f3n respecto a cefalea y su manejo preventivo y cl\u00ednico en el \u00e1mbito laboral destinado a los m\u00e9dicos especialistas y residentes de medicina del trabajo. En la jornada se incluir\u00e1n casos cl\u00ednicos y foro de debate con los asistentes.<\/p>\n<p>PROGRAMA<br \/>\nD\u00eda: 7 de mayo de 2025<br \/>\nLugar: Aula Gregorio Mara\u00f1\u00f3n del Ilustre Colegio de M\u00e9dicos de Madrid (ICOMEM)<\/p>\n<p>17-17,15h. Introducci\u00f3n y moderaci\u00f3n. Dra. Teresa del Campo, Vicepresidenta de la AEEMT<\/p>\n<p>17,15-18h. Cefalea desde el punto de vista de la neurolog\u00eda. Dra. Ana Gago, Hospital de La Princesa Madrid<\/p>\n<p>18-18,45h. Cefalea desde el punto de vista de la medicina del trabajo. Dra. Te\u00f3fila deVicente, Coordinadora del grupo funcional de Gu\u00edas y Protocolos de AEEMT<\/p>\n<p>18,45- 19,15. Cefalea desde el punto de vista de los pacientes. D\u00f1a. Ana Satr\u00fastegui, Asociaci\u00f3n Espa\u00f1ola de Migra\u00f1a y Cefalea (AEMICE)<\/p>\n<p>19,15-20h. C\u00f3ctel en el Hall Principal del Colegio.<\/p>\n<p>&nbsp;<\/p>\n<p style=\"text-align: center;\"><strong>Formulario de Inscripci\u00f3n Sesi\u00f3n Online pulsando sobre el siguiente enlace.<\/strong><\/p>\n<p style=\"text-align: center;\"><div class=\"button_wrapper  aligncenter\"><a  href=\"https:\/\/www.aeemt.org\/web\/2025\/05\/07\/formulario-de-inscripcion-sesion-online-jornada-cefalea-y-trabajo\/\" target=\"_blank\" title=\"Enlace a las sesiones\" class=\"button_  default big\"><strong>Formulario de Inscripci\u00f3n Sesi\u00f3n Online Cefalea y Trabajo<\/strong><\/a><\/div>\n<p>&nbsp;<\/p>\n<p>&nbsp;<\/p>\n<p>Esperamos que esta nueva actividad les resulte de inter\u00e9s.<\/p>\n<p>Gracias a todos.[\/vc_column_text][\/vc_column][\/vc_row][vc_row rt_row_background_width=\u00bbdefault\u00bb rt_row_style=\u00bbdefault-style\u00bb rt_row_borders=\u00bb\u00bb rt_row_paddings=\u00bbtrue\u00bb rt_bg_effect=\u00bbclassic\u00bb rt_bg_image_repeat=\u00bbrepeat\u00bb rt_bg_size=\u00bbcover\u00bb rt_bg_position=\u00bbright top\u00bb rt_bg_attachment=\u00bbscroll\u00bb rt_bg_video_format=\u00bbself-hosted\u00bb][vc_column width=\u00bb1\/3&#8243; rt_wrp_col_paddings=\u00bbfalse\u00bb rt_border_top=\u00bb\u00bb rt_border_bottom=\u00bb\u00bb rt_border_left=\u00bb\u00bb rt_border_right=\u00bb\u00bb rt_border_top_mobile=\u00bb\u00bb rt_border_bottom_mobile=\u00bb\u00bb rt_border_left_mobile=\u00bb\u00bb rt_border_right_mobile=\u00bb\u00bb rt_bg_image_repeat=\u00bbrepeat\u00bb rt_bg_size=\u00bbauto auto\u00bb rt_bg_position=\u00bbright top\u00bb rt_bg_attachment=\u00bbscroll\u00bb][vc_column_text css=\u00bb\u00bb]<\/p>\n<p style=\"text-align: center;\"><strong>Juan Carlos Rueda<\/strong><br \/>\n<em>Presidente AEEMT<\/em><\/p>\n<p>[\/vc_column_text][\/vc_column][vc_column width=\u00bb1\/3&#8243; rt_wrp_col_paddings=\u00bbfalse\u00bb rt_border_top=\u00bb\u00bb rt_border_bottom=\u00bb\u00bb rt_border_left=\u00bb\u00bb rt_border_right=\u00bb\u00bb rt_border_top_mobile=\u00bb\u00bb rt_border_bottom_mobile=\u00bb\u00bb rt_border_left_mobile=\u00bb\u00bb rt_border_right_mobile=\u00bb\u00bb rt_bg_image_repeat=\u00bbrepeat\u00bb rt_bg_size=\u00bbauto auto\u00bb rt_bg_position=\u00bbright top\u00bb rt_bg_attachment=\u00bbscroll\u00bb][vc_column_text css=\u00bb\u00bb]<\/p>\n<p style=\"text-align: center;\"><strong>Teresa del Campo<\/strong><br \/>\n<em>Vicepta. AEEMT<\/em><\/p>\n<p>[\/vc_column_text][\/vc_column][\/vc_row]<\/p>\n","protected":false},"excerpt":{"rendered":"<p>[vc_row rt_row_background_width=\u00bbdefault\u00bb rt_row_style=\u00bbdefault-style\u00bb rt_row_borders=\u00bb\u00bb rt_row_paddings=\u00bbtrue\u00bb rt_bg_effect=\u00bbclassic\u00bb rt_bg_image_repeat=\u00bbrepeat\u00bb rt_bg_size=\u00bbcover\u00bb rt_bg_position=\u00bbright top\u00bb rt_bg_attachment=\u00bbscroll\u00bb rt_bg_video_format=\u00bbself-hosted\u00bb][vc_column width=\u00bb1\/2&#8243; rt_wrp_col_paddings=\u00bbfalse\u00bb rt_border_top=\u00bb\u00bb rt_border_bottom=\u00bb\u00bb rt_border_left=\u00bb\u00bb rt_border_right=\u00bb\u00bb rt_border_top_mobile=\u00bb\u00bb rt_border_bottom_mobile=\u00bb\u00bb rt_border_left_mobile=\u00bb\u00bb rt_border_right_mobile=\u00bb\u00bb rt_bg_image_repeat=\u00bbrepeat\u00bb rt_bg_size=\u00bbauto auto\u00bb rt_bg_position=\u00bbright top\u00bb rt_bg_attachment=\u00bbscroll\u00bb][vc_column_text css=\u00bb\u00bb] Organiza [&hellip;]<\/p>\n","protected":false},"author":1,"featured_media":71102,"comment_status":"closed","ping_status":"closed","sticky":false,"template":"","format":"standard","meta":{"footnotes":""},"categories":[20,24,28,37],"tags":[],"class_list":["post-71101","post","type-post","status-publish","format-standard","has-post-thumbnail","hentry","category-comunicados-de-la-aeemt","category-comunicados-para-asociados","category-formacion","category-noticias-de-medicina"],"_links":{"self":[{"href":"https:\/\/www.aeemt.org\/web\/wp-json\/wp\/v2\/posts\/71101"}],"collection":[{"href":"https:\/\/www.aeemt.org\/web\/wp-json\/wp\/v2\/posts"}],"about":[{"href":"https:\/\/www.aeemt.org\/web\/wp-json\/wp\/v2\/types\/post"}],"author":[{"embeddable":true,"href":"https:\/\/www.aeemt.org\/web\/wp-json\/wp\/v2\/users\/1"}],"replies":[{"embeddable":true,"href":"https:\/\/www.aeemt.org\/web\/wp-json\/wp\/v2\/comments?post=71101"}],"version-history":[{"count":3,"href":"https:\/\/www.aeemt.org\/web\/wp-json\/wp\/v2\/posts\/71101\/revisions"}],"predecessor-version":[{"id":71149,"href":"https:\/\/www.aeemt.org\/web\/wp-json\/wp\/v2\/posts\/71101\/revisions\/71149"}],"wp:featuredmedia":[{"embeddable":true,"href":"https:\/\/www.aeemt.org\/web\/wp-json\/wp\/v2\/media\/71102"}],"wp:attachment":[{"href":"https:\/\/www.aeemt.org\/web\/wp-json\/wp\/v2\/media?parent=71101"}],"wp:term":[{"taxonomy":"category","embeddable":true,"href":"https:\/\/www.aeemt.org\/web\/wp-json\/wp\/v2\/categories?post=71101"},{"taxonomy":"post_tag","embeddable":true,"href":"https:\/\/www.aeemt.org\/web\/wp-json\/wp\/v2\/tags?post=71101"}],"curies":[{"name":"wp","href":"https:\/\/api.w.org\/{rel}","templated":true}]}}