{"id":68695,"date":"2024-11-06T14:00:27","date_gmt":"2024-11-06T14:00:27","guid":{"rendered":"http:\/\/www.aeemt.com\/web\/?p=68695"},"modified":"2026-04-13T20:33:17","modified_gmt":"2026-04-13T18:33:17","slug":"la-obesidad-en-la-salud-laboral","status":"publish","type":"post","link":"https:\/\/www.aeemt.org\/web\/2024\/11\/06\/la-obesidad-en-la-salud-laboral\/","title":{"rendered":"La obesidad en la salud laboral. Revisi\u00f3n Octubre de 2024."},"content":{"rendered":"<p>[vc_row rt_row_background_width=\u00bbdefault\u00bb rt_row_style=\u00bbdefault-style\u00bb rt_row_borders=\u00bb\u00bb rt_row_paddings=\u00bbtrue\u00bb rt_bg_effect=\u00bbclassic\u00bb rt_bg_image_repeat=\u00bbrepeat\u00bb rt_bg_size=\u00bbcover\u00bb rt_bg_position=\u00bbright top\u00bb rt_bg_attachment=\u00bbscroll\u00bb rt_bg_video_format=\u00bbself-hosted\u00bb][vc_column rt_wrp_col_paddings=\u00bbfalse\u00bb rt_border_top=\u00bb\u00bb rt_border_bottom=\u00bb\u00bb rt_border_left=\u00bb\u00bb rt_border_right=\u00bb\u00bb rt_border_top_mobile=\u00bb\u00bb rt_border_bottom_mobile=\u00bb\u00bb rt_border_left_mobile=\u00bb\u00bb rt_border_right_mobile=\u00bb\u00bb rt_bg_image_repeat=\u00bbrepeat\u00bb rt_bg_size=\u00bbauto auto\u00bb rt_bg_position=\u00bbright top\u00bb rt_bg_attachment=\u00bbscroll\u00bb][vc_column_text css=\u00bb\u00bb]<span style=\"font-size: 14pt;\"><strong>La obesidad en la salud laboral. Revisi\u00f3n Octubre de 2024<\/strong><\/span><\/p>\n<p><strong>Una visi\u00f3n desde la medicina del trabajo de la persona trabajadora que vive con obesidad<\/strong><\/p>\n<p><a href=\"https:\/\/www.aeemt.org\/Documentos%20GF\/Guias%20y%20protocolos\/GUIA%20OBESIDAD%20AEEMT_REVISION%20OCTUBRE%202024.pdf\" target=\"_blank\" rel=\"noopener noreferrer\"><img loading=\"lazy\" decoding=\"async\" class=\" wp-image-68698 aligncenter\" src=\"http:\/\/www.aeemt.com\/web\/wp-content\/uploads\/2024\/02\/Portada-Guia-Obesidad-2024.jpg\" alt=\"\" width=\"374\" height=\"534\" srcset=\"https:\/\/www.aeemt.org\/web\/wp-content\/uploads\/2024\/02\/Portada-Guia-Obesidad-2024.jpg 627w, https:\/\/www.aeemt.org\/web\/wp-content\/uploads\/2024\/02\/Portada-Guia-Obesidad-2024-600x856.jpg 600w, https:\/\/www.aeemt.org\/web\/wp-content\/uploads\/2024\/02\/Portada-Guia-Obesidad-2024-210x300.jpg 210w\" sizes=\"(max-width: 374px) 100vw, 374px\" \/><\/a><\/p>\n<p>&nbsp;<\/p>\n<div class=\"button_wrapper  aligncenter\"><a  href=\"https:\/\/www.aeemt.org\/Documentos%20GF\/Guias%20y%20protocolos\/GUIA%20OBESIDAD%20AEEMT_REVISION%20OCTUBRE%202024.pdf\" target=\"_blank\" title=\"El control y seguimiento de casos y contactos covid-19 en salud laboral.\" class=\"button_  default medium\"><strong>Descargar documento en pdf<\/strong><\/a><\/div>\n<p><strong>Coordinaci\u00f3n y Direcci\u00f3n: <\/strong>M\u00aa Te\u00f3fila Vicente-Herrero<\/p>\n<p><strong>Autores:<\/strong><\/p>\n<p><strong>Grupo de Trabajo de la Asociaci\u00f3n Espa\u00f1ola de Especialistas en Medicina del Trabajo <\/strong><\/p>\n<p><strong>( AEEMT )<\/strong><\/p>\n<ul>\n<li><strong>M\u00aa Te\u00f3fila Vicente Herrero.<\/strong> Especialista en Medicina del Trabajo. Grupos Funcionales de: Gu\u00edas y Protocolos, Obesidad y S\u00edndrome Metab\u00f3lico y C\u00e1ncer y Trabajo en la AEEMT. Miembro del Grupo ADEMA-SALUD del Instituto Universitario de Ciencias de la Salud-IUNICS.<\/li>\n<li><strong>Encarna Aguilar Jim\u00e9nez.<\/strong> Especialista en Medicina del Trabajo. Grupo Funcional: de Gu\u00edas y Protocolos en la AEEMT.<\/li>\n<li><strong>M\u00aa Victoria Ram\u00edrez I\u00f1iguez de la Torre<\/strong>. Especialista en Medicina del Trabajo Grupos Funcionales de: Gu\u00edas y Protocolos, Obesidad y S\u00edndrome Metab\u00f3lico y C\u00e1ncer y Trabajo en la AEEMT.<\/li>\n<li><strong>Alejandro Fern\u00e1ndez Montero<\/strong>. Especialista en Medicina del Trabajo. Grupo Funcional de Investigaci\u00f3n y Publicaciones en la AEEMT. Profesor Titular Universidad de Navarra<\/li>\n<li><strong>Carmen Mu\u00f1oz Ruip<\/strong><strong>\u00e9rez<\/strong>. Especialista en Medicina del Trabajo Grupo<strong>s<\/strong> Funcionale<strong>s<\/strong> de Investigaci\u00f3n y Publicaciones y de Promoci\u00f3n de la Salud en la AEEMT. Jefe Unidad Docente Multiprofesional de Salud Laboral del Hospital Universitario 12 de Octubre<\/li>\n<li><strong>\u00c1ngel Arturo L\u00f3pez Gonz\u00e1lez<\/strong>. Especialista en Medicina del Trabajo. Grupos Funcionales de: Gu\u00edas y Protocolos, Obesidad y S\u00edndrome Metab\u00f3lico en la AEEMT. Profesor Titular de la Escuela Universitaria ADEMA-UIB<\/li>\n<\/ul>\n<p><strong>Carlos S\u00e1nchez Juan<\/strong> Jefe de Servicio de Endocrinolog\u00eda y Nutrici\u00f3n del Hospital General Universitario de Valencia. Profesor Titular de Medicina. Universidad de Valencia<\/p>\n<p><strong>Manuel Marcos Fern\u00e1ndez.<\/strong> Coordinador ginecolog\u00eda HM Hospitales. Profesor Universidad Camilo Jos\u00e9 Cela. Presidente de la secci\u00f3n de asistencia privada de la Sociedad espa\u00f1ola de Ginecolog\u00eda y Obstetricia (SEGO)<\/p>\n<p><strong>Rafael S\u00e1nchez Borrego. <\/strong>Director M\u00e9dico. DIATROS, Cl\u00ednica de la Mujer. Barcelona. Patrono Fundaci\u00f3n Espa\u00f1ola para el Estudio de la Menopausia (FEEM)<\/p>\n<p><strong>Pluvio Coronado<\/strong>. Jefe Cl\u00ednico y coordinador de la Unidad de Oncolog\u00eda Ginecol\u00f3gica y Tracto Genital Inferior del Instituto de salud de la Mujer del Hospital Cl\u00ednico San Carlos de Madrid. Profesor Titular de Obstetricia y Ginecolog\u00eda de la Facultad de Medicina de la Universidad Complutense de Madrid<\/p>\n<p><strong>C\u00e9sar Bustos Mart\u00edn.\u00a0 <\/strong>Licenciado en Ciencias de la Actividad F\u00edsica y del Deporte, INEF, Madrid. CEO de <em>NO HAY EXCUSAS<\/em>. Vocal de la Sociedad Espa\u00f1ola de Obesidad (SEEDO). Universidad Polit\u00e9cnica de Madrid.<\/p>\n<p><strong>Con la colaboraci\u00f3n de<\/strong><\/p>\n<ul>\n<li><strong>Luisa Capdevila Garc\u00eda<\/strong>. Especialista en Medicina del Trabajo Grupos Funcionales de: Gu\u00edas y Protocolos, Obesidad y S\u00edndrome Metab\u00f3lico y C\u00e1ncer y Trabajo en laAEEMT.<\/li>\n<li>Foro de pacientes- <strong>Asociaci\u00f3n Bari\u00e1trica Hispalis<\/strong><\/li>\n<li><strong>Alicia Ruiz (Enfero Carulo)-<\/strong>Autora de la Imagen de portada<\/li>\n<\/ul>\n<p>[\/vc_column_text][\/vc_column][\/vc_row][vc_row rt_row_background_width=\u00bbdefault\u00bb rt_row_style=\u00bbdefault-style\u00bb rt_row_borders=\u00bb\u00bb rt_row_paddings=\u00bbtrue\u00bb rt_bg_effect=\u00bbclassic\u00bb rt_bg_image_repeat=\u00bbrepeat\u00bb rt_bg_size=\u00bbcover\u00bb rt_bg_position=\u00bbright top\u00bb rt_bg_attachment=\u00bbscroll\u00bb rt_bg_video_format=\u00bbself-hosted\u00bb][vc_column width=\u00bb1\/2&#8243; rt_wrp_col_paddings=\u00bbfalse\u00bb rt_border_top=\u00bb\u00bb rt_border_bottom=\u00bb\u00bb rt_border_left=\u00bb\u00bb rt_border_right=\u00bb\u00bb rt_border_top_mobile=\u00bb\u00bb rt_border_bottom_mobile=\u00bb\u00bb rt_border_left_mobile=\u00bb\u00bb rt_border_right_mobile=\u00bb\u00bb rt_bg_image_repeat=\u00bbrepeat\u00bb rt_bg_size=\u00bbauto auto\u00bb rt_bg_position=\u00bbright top\u00bb rt_bg_attachment=\u00bbscroll\u00bb][vc_column_text]<\/p>\n<p style=\"text-align: center;\"><a href=\"https:\/\/www.novonordisk.es\/\" target=\"_blank\" rel=\"noopener noreferrer\"><img loading=\"lazy\" decoding=\"async\" class=\" wp-image-9702 aligncenter\" src=\"http:\/\/www.aeemt.com\/web\/wp-content\/uploads\/2020\/11\/nn_logo_rgb_blue_small.png\" alt=\"\" width=\"300\" height=\"214\" srcset=\"https:\/\/www.aeemt.org\/web\/wp-content\/uploads\/2020\/11\/nn_logo_rgb_blue_small.png 600w, https:\/\/www.aeemt.org\/web\/wp-content\/uploads\/2020\/11\/nn_logo_rgb_blue_small-300x214.png 300w\" sizes=\"(max-width: 300px) 100vw, 300px\" \/><\/a><\/p>\n<p>[\/vc_column_text][\/vc_column][vc_column width=\u00bb1\/2&#8243; rt_wrp_col_paddings=\u00bbfalse\u00bb rt_border_top=\u00bb\u00bb rt_border_bottom=\u00bb\u00bb rt_border_left=\u00bb\u00bb rt_border_right=\u00bb\u00bb rt_border_top_mobile=\u00bb\u00bb rt_border_bottom_mobile=\u00bb\u00bb rt_border_left_mobile=\u00bb\u00bb rt_border_right_mobile=\u00bb\u00bb rt_bg_image_repeat=\u00bbrepeat\u00bb rt_bg_size=\u00bbauto auto\u00bb rt_bg_position=\u00bbright top\u00bb rt_bg_attachment=\u00bbscroll\u00bb][vc_column_text]<\/p>\n<p style=\"text-align: center;\"><img loading=\"lazy\" decoding=\"async\" class=\"alignnone wp-image-3534\" src=\"http:\/\/www.aeemt.com\/web\/wp-content\/uploads\/2017\/05\/logoDibujado.png\" alt=\"\" width=\"213\" height=\"216\" srcset=\"https:\/\/www.aeemt.org\/web\/wp-content\/uploads\/2017\/05\/logoDibujado.png 402w, https:\/\/www.aeemt.org\/web\/wp-content\/uploads\/2017\/05\/logoDibujado-100x100.png 100w, https:\/\/www.aeemt.org\/web\/wp-content\/uploads\/2017\/05\/logoDibujado-296x300.png 296w\" sizes=\"(max-width: 213px) 100vw, 213px\" \/><\/p>\n<p>[\/vc_column_text][\/vc_column][\/vc_row]<\/p>\n","protected":false},"excerpt":{"rendered":"<p>[vc_row rt_row_background_width=\u00bbdefault\u00bb rt_row_style=\u00bbdefault-style\u00bb rt_row_borders=\u00bb\u00bb rt_row_paddings=\u00bbtrue\u00bb rt_bg_effect=\u00bbclassic\u00bb rt_bg_image_repeat=\u00bbrepeat\u00bb rt_bg_size=\u00bbcover\u00bb rt_bg_position=\u00bbright top\u00bb rt_bg_attachment=\u00bbscroll\u00bb rt_bg_video_format=\u00bbself-hosted\u00bb][vc_column rt_wrp_col_paddings=\u00bbfalse\u00bb rt_border_top=\u00bb\u00bb rt_border_bottom=\u00bb\u00bb rt_border_left=\u00bb\u00bb rt_border_right=\u00bb\u00bb rt_border_top_mobile=\u00bb\u00bb rt_border_bottom_mobile=\u00bb\u00bb rt_border_left_mobile=\u00bb\u00bb rt_border_right_mobile=\u00bb\u00bb rt_bg_image_repeat=\u00bbrepeat\u00bb rt_bg_size=\u00bbauto auto\u00bb rt_bg_position=\u00bbright top\u00bb rt_bg_attachment=\u00bbscroll\u00bb][vc_column_text css=\u00bb\u00bb]La obesidad en [&hellip;]<\/p>\n","protected":false},"author":1,"featured_media":68698,"comment_status":"closed","ping_status":"open","sticky":false,"template":"","format":"standard","meta":{"footnotes":""},"categories":[24,28,32,37],"tags":[46,47,49,50,52],"class_list":["post-68695","post","type-post","status-publish","format-standard","has-post-thumbnail","hentry","category-comunicados-para-asociados","category-formacion","category-grupo-funcional-guias-y-protocolos","category-noticias-de-medicina","tag-aeemt","tag-guia","tag-novonordik","tag-obesidad","tag-protocolos"],"_links":{"self":[{"href":"https:\/\/www.aeemt.org\/web\/wp-json\/wp\/v2\/posts\/68695"}],"collection":[{"href":"https:\/\/www.aeemt.org\/web\/wp-json\/wp\/v2\/posts"}],"about":[{"href":"https:\/\/www.aeemt.org\/web\/wp-json\/wp\/v2\/types\/post"}],"author":[{"embeddable":true,"href":"https:\/\/www.aeemt.org\/web\/wp-json\/wp\/v2\/users\/1"}],"replies":[{"embeddable":true,"href":"https:\/\/www.aeemt.org\/web\/wp-json\/wp\/v2\/comments?post=68695"}],"version-history":[{"count":3,"href":"https:\/\/www.aeemt.org\/web\/wp-json\/wp\/v2\/posts\/68695\/revisions"}],"predecessor-version":[{"id":70554,"href":"https:\/\/www.aeemt.org\/web\/wp-json\/wp\/v2\/posts\/68695\/revisions\/70554"}],"wp:featuredmedia":[{"embeddable":true,"href":"https:\/\/www.aeemt.org\/web\/wp-json\/wp\/v2\/media\/68698"}],"wp:attachment":[{"href":"https:\/\/www.aeemt.org\/web\/wp-json\/wp\/v2\/media?parent=68695"}],"wp:term":[{"taxonomy":"category","embeddable":true,"href":"https:\/\/www.aeemt.org\/web\/wp-json\/wp\/v2\/categories?post=68695"},{"taxonomy":"post_tag","embeddable":true,"href":"https:\/\/www.aeemt.org\/web\/wp-json\/wp\/v2\/tags?post=68695"}],"curies":[{"name":"wp","href":"https:\/\/api.w.org\/{rel}","templated":true}]}}