{"id":67055,"date":"2022-05-18T20:36:24","date_gmt":"2022-05-18T20:36:24","guid":{"rendered":"http:\/\/www.aeemt.com\/web\/?p=67055"},"modified":"2022-05-18T20:36:24","modified_gmt":"2022-05-18T20:36:24","slug":"bienvenidos-al-xii-cemet-nota-de-prensa-18-de-mayo-2022","status":"publish","type":"post","link":"https:\/\/www.aeemt.org\/web\/2022\/05\/18\/bienvenidos-al-xii-cemet-nota-de-prensa-18-de-mayo-2022\/","title":{"rendered":"Bienvenidos al XII CEMET. Nota de prensa 18 de mayo 2022"},"content":{"rendered":"<p>[vc_row rt_row_background_width=\u00bbdefault\u00bb rt_row_style=\u00bbdefault-style\u00bb rt_row_borders=\u00bb\u00bb rt_row_paddings=\u00bbtrue\u00bb rt_bg_effect=\u00bbclassic\u00bb rt_bg_image_repeat=\u00bbrepeat\u00bb rt_bg_size=\u00bbcover\u00bb rt_bg_position=\u00bbright top\u00bb rt_bg_attachment=\u00bbscroll\u00bb rt_bg_video_format=\u00bbself-hosted\u00bb][vc_column rt_wrp_col_paddings=\u00bbfalse\u00bb rt_border_top=\u00bb\u00bb rt_border_bottom=\u00bb\u00bb rt_border_left=\u00bb\u00bb rt_border_right=\u00bb\u00bb rt_border_top_mobile=\u00bb\u00bb rt_border_bottom_mobile=\u00bb\u00bb rt_border_left_mobile=\u00bb\u00bb rt_border_right_mobile=\u00bb\u00bb rt_bg_image_repeat=\u00bbrepeat\u00bb rt_bg_size=\u00bbauto auto\u00bb rt_bg_position=\u00bbright top\u00bb rt_bg_attachment=\u00bbscroll\u00bb][vc_column_text]<a href=\"https:\/\/xiicemet2022.aeemt.org\/\" target=\"_blank\" rel=\"noopener noreferrer\"><strong><img loading=\"lazy\" decoding=\"async\" class=\"size-full wp-image-66400 aligncenter\" src=\"https:\/\/www.aeemt.org\/pruebaweb\/wp-content\/uploads\/2022\/01\/Banner-Cemet2022-1.jpg\" alt=\"\" width=\"1200\" height=\"200\" srcset=\"https:\/\/www.aeemt.org\/web\/wp-content\/uploads\/2022\/01\/Banner-Cemet2022-1.jpg 1200w, https:\/\/www.aeemt.org\/web\/wp-content\/uploads\/2022\/01\/Banner-Cemet2022-1-600x100.jpg 600w, https:\/\/www.aeemt.org\/web\/wp-content\/uploads\/2022\/01\/Banner-Cemet2022-1-300x50.jpg 300w, https:\/\/www.aeemt.org\/web\/wp-content\/uploads\/2022\/01\/Banner-Cemet2022-1-1024x171.jpg 1024w, https:\/\/www.aeemt.org\/web\/wp-content\/uploads\/2022\/01\/Banner-Cemet2022-1-768x128.jpg 768w\" sizes=\"(max-width: 1200px) 100vw, 1200px\" \/><\/strong><\/a><\/p>\n<p>&nbsp;<\/p>\n<p style=\"text-align: justify;\"><strong>M\u00e1s de 600 profesionales se dar\u00e1n cita en el I Congreso Internacional y\u00a0 XII Congreso Espa\u00f1ol de Medicina y Enfermer\u00eda del Trabajo<\/strong><\/p>\n<ul style=\"text-align: justify;\">\n<li><strong>Por primera vez este congreso tiene car\u00e1cter internacional y contar\u00e1 con ponencias de instituciones tan reputadas como Harvard o Par\u00eds<\/strong><\/li>\n<li><strong>La inauguraci\u00f3n del Congreso ser\u00e1 el jueves 19 de mayo a las 15:00 horas en el Centro Corporativo del Banco Santander <\/strong><\/li>\n<\/ul>\n<p style=\"text-align: justify;\"><strong>Madrid, 18 de mayo de 2022<\/strong><em>. <\/em>La sede del <strong>Centro Corporativo del Banco Santander <\/strong>(Ciudad Financiera, Boadilla del Monte, Madrid) acoge el <strong>XI Congreso Espa\u00f1ol de Medicina y Enfermer\u00eda del Trabajo (XCEMET) y I <\/strong>\u00a0<strong>Congreso Internacional de Medicina y Enfermer\u00eda del Trabajo (I CIMET) <\/strong>que se celebrar\u00e1 los pr\u00f3ximos d\u00edas 19, 20 y 21 de junio.<\/p>\n<p style=\"text-align: justify;\">Un evento organizado por la <strong>Asociaci\u00f3n Espa\u00f1ola de Especialistas en Medicina del Trabajo<\/strong> que este a\u00f1o bate todos sus r\u00e9cords: m\u00e1s de 600 profesionales inscritos, m\u00e1s de 200 trabajos cient\u00edficos presentados y este a\u00f1o por primera vez tambi\u00e9n con car\u00e1cter internacional.<\/p>\n<p style=\"text-align: justify;\">As\u00ed, durante los pr\u00f3ximos tres d\u00edas, especialistas y expertos en Medicina y Enfermer\u00eda laboral disfrutar\u00e1n de conferencias on line de expertos en distintas materias de Harvard, Paris, Lisboa, Santiago de Chile, Buenos Aires o La Asunci\u00f3n, entre otros.<\/p>\n<p style=\"text-align: justify;\">El lema del encuentro de este a\u00f1o es <strong>\u00abSalud y trabajo: aprendiendo del cambio\u00bb<\/strong>, y durante las tres pr\u00f3ximas jornadas los temas a debate pivotar\u00e1n sobre tres grandes asuntos: era postCovid19 e innovaci\u00f3n; salud mental y enfermedades profesionales, y promoci\u00f3n de la salud y evidencia cient\u00edfica.<\/p>\n<p style=\"text-align: justify;\">Inaugurar\u00e1n este congreso la <strong>Ministra de Sanidad; Carolina Darias<\/strong>; <strong>Jaime P\u00e9rez Renovales, director general, secretario general y del consejo de Banco Santander<\/strong>;\u00a0 <strong>Alexandra Brand\u00e3o, directora general y Global Head of Human Resources del Banco Santander<\/strong> y <strong>Luis Reinoso-Barbero, presidente de AEEMT<\/strong>.<\/p>\n<p style=\"text-align: justify;\">La conferencia inaugural correr\u00e1 a cargo de <strong>Margarita del Val Latorre<\/strong>, experta en la respuesta inmunitaria frente a infecciones virales y una de las voces m\u00e1s respetadas y activas durante la pandemia COVID-19 en nuestro pa\u00eds<\/p>\n<p style=\"text-align: center;\"><strong>M\u00e1s informaci\u00f3n<\/strong>:<\/p>\n<p style=\"text-align: center;\"><div class=\"button_wrapper  aligncenter\"><a  href=\"https:\/\/xiicemet2022.aeemt.org\/\" target=\"_blank\" title=\"Web del Congreso XII CEMET\" class=\"button_  default medium\"><strong>Web del Congreso XII CEMET<\/strong><\/a><\/div>\n<p>&nbsp;<\/p>\n<div class=\"button_wrapper  aligncenter\"><a  href=\"https:\/\/www.aeemt.org\/pruebaweb\/wp-content\/uploads\/2022\/05\/18-05-22-ndp-previa-cemet.pdf\" target=\"_blank\" title=\"Nota de Prensa XII CEMET 18 de Mayo 2022. PDF\" class=\"button_  default medium\"><strong>Nota de Prensa XII CEMET 18 de Mayo 2022. PDF<\/strong><\/a><\/div>[\/vc_column_text][\/vc_column][\/vc_row]<\/p>\n","protected":false},"excerpt":{"rendered":"<p>[vc_row rt_row_background_width=\u00bbdefault\u00bb rt_row_style=\u00bbdefault-style\u00bb rt_row_borders=\u00bb\u00bb rt_row_paddings=\u00bbtrue\u00bb rt_bg_effect=\u00bbclassic\u00bb rt_bg_image_repeat=\u00bbrepeat\u00bb rt_bg_size=\u00bbcover\u00bb rt_bg_position=\u00bbright top\u00bb rt_bg_attachment=\u00bbscroll\u00bb rt_bg_video_format=\u00bbself-hosted\u00bb][vc_column rt_wrp_col_paddings=\u00bbfalse\u00bb rt_border_top=\u00bb\u00bb rt_border_bottom=\u00bb\u00bb rt_border_left=\u00bb\u00bb rt_border_right=\u00bb\u00bb rt_border_top_mobile=\u00bb\u00bb rt_border_bottom_mobile=\u00bb\u00bb rt_border_left_mobile=\u00bb\u00bb rt_border_right_mobile=\u00bb\u00bb rt_bg_image_repeat=\u00bbrepeat\u00bb rt_bg_size=\u00bbauto auto\u00bb rt_bg_position=\u00bbright top\u00bb rt_bg_attachment=\u00bbscroll\u00bb][vc_column_text] &nbsp; M\u00e1s de [&hellip;]<\/p>\n","protected":false},"author":1,"featured_media":66400,"comment_status":"closed","ping_status":"open","sticky":false,"template":"","format":"standard","meta":{"footnotes":""},"categories":[20,23,24,25,27,37],"tags":[],"class_list":["post-67055","post","type-post","status-publish","format-standard","has-post-thumbnail","hentry","category-comunicados-de-la-aeemt","category-comunicados-del-presidente","category-comunicados-para-asociados","category-conferencias-y-congresos","category-eventos-de-interes","category-noticias-de-medicina"],"_links":{"self":[{"href":"https:\/\/www.aeemt.org\/web\/wp-json\/wp\/v2\/posts\/67055"}],"collection":[{"href":"https:\/\/www.aeemt.org\/web\/wp-json\/wp\/v2\/posts"}],"about":[{"href":"https:\/\/www.aeemt.org\/web\/wp-json\/wp\/v2\/types\/post"}],"author":[{"embeddable":true,"href":"https:\/\/www.aeemt.org\/web\/wp-json\/wp\/v2\/users\/1"}],"replies":[{"embeddable":true,"href":"https:\/\/www.aeemt.org\/web\/wp-json\/wp\/v2\/comments?post=67055"}],"version-history":[{"count":0,"href":"https:\/\/www.aeemt.org\/web\/wp-json\/wp\/v2\/posts\/67055\/revisions"}],"wp:featuredmedia":[{"embeddable":true,"href":"https:\/\/www.aeemt.org\/web\/wp-json\/wp\/v2\/media\/66400"}],"wp:attachment":[{"href":"https:\/\/www.aeemt.org\/web\/wp-json\/wp\/v2\/media?parent=67055"}],"wp:term":[{"taxonomy":"category","embeddable":true,"href":"https:\/\/www.aeemt.org\/web\/wp-json\/wp\/v2\/categories?post=67055"},{"taxonomy":"post_tag","embeddable":true,"href":"https:\/\/www.aeemt.org\/web\/wp-json\/wp\/v2\/tags?post=67055"}],"curies":[{"name":"wp","href":"https:\/\/api.w.org\/{rel}","templated":true}]}}