{"id":40216,"date":"2021-06-21T11:17:23","date_gmt":"2021-06-21T11:17:23","guid":{"rendered":"http:\/\/www.aeemt.com\/web\/?p=40216"},"modified":"2021-06-21T11:17:23","modified_gmt":"2021-06-21T11:17:23","slug":"openclass-unir-aeemt-la-empresa-saludable-como-un-paso-mas-en-prevencion-de-riesgos-laborales","status":"publish","type":"post","link":"https:\/\/www.aeemt.org\/web\/2021\/06\/21\/openclass-unir-aeemt-la-empresa-saludable-como-un-paso-mas-en-prevencion-de-riesgos-laborales\/","title":{"rendered":"Openclass Unir-AEEMT. La empresa saludable como un paso m\u00e1s en prevenci\u00f3n de riesgos laborales"},"content":{"rendered":"<p>[vc_row rt_row_background_width=\u00bbdefault\u00bb rt_row_style=\u00bbdefault-style\u00bb rt_row_borders=\u00bb\u00bb rt_row_paddings=\u00bbtrue\u00bb rt_bg_effect=\u00bbclassic\u00bb rt_bg_image_repeat=\u00bbrepeat\u00bb rt_bg_size=\u00bbcover\u00bb rt_bg_position=\u00bbright top\u00bb rt_bg_attachment=\u00bbscroll\u00bb rt_bg_video_format=\u00bbself-hosted\u00bb][vc_column width=\u00bb1\/2&#8243; rt_wrp_col_paddings=\u00bbfalse\u00bb rt_border_top=\u00bb\u00bb rt_border_bottom=\u00bb\u00bb rt_border_left=\u00bb\u00bb rt_border_right=\u00bb\u00bb rt_border_top_mobile=\u00bb\u00bb rt_border_bottom_mobile=\u00bb\u00bb rt_border_left_mobile=\u00bb\u00bb rt_border_right_mobile=\u00bb\u00bb rt_bg_image_repeat=\u00bbrepeat\u00bb rt_bg_size=\u00bbauto auto\u00bb rt_bg_position=\u00bbright top\u00bb rt_bg_attachment=\u00bbscroll\u00bb][vc_column_text]<\/p>\n<h3 style=\"text-align: center;\">Organiza<\/h3>\n<h3 style=\"text-align: center;\"><a href=\"http:\/\/www.aeemt.com\/web\/\" target=\"_blank\" rel=\"noopener noreferrer\"><img loading=\"lazy\" decoding=\"async\" class=\"wp-image-3534 aligncenter\" src=\"http:\/\/www.aeemt.com\/web\/wp-content\/uploads\/2017\/05\/logoDibujado.png\" alt=\"\" width=\"133\" height=\"135\" srcset=\"https:\/\/www.aeemt.org\/web\/wp-content\/uploads\/2017\/05\/logoDibujado.png 402w, https:\/\/www.aeemt.org\/web\/wp-content\/uploads\/2017\/05\/logoDibujado-296x300.png 296w\" sizes=\"(max-width: 133px) 100vw, 133px\" \/><\/a><\/h3>\n<p>[\/vc_column_text][\/vc_column][vc_column width=\u00bb1\/2&#8243; rt_wrp_col_paddings=\u00bbfalse\u00bb rt_border_top=\u00bb\u00bb rt_border_bottom=\u00bb\u00bb rt_border_left=\u00bb\u00bb rt_border_right=\u00bb\u00bb rt_border_top_mobile=\u00bb\u00bb rt_border_bottom_mobile=\u00bb\u00bb rt_border_left_mobile=\u00bb\u00bb rt_border_right_mobile=\u00bb\u00bb rt_bg_image_repeat=\u00bbrepeat\u00bb rt_bg_size=\u00bbauto auto\u00bb rt_bg_position=\u00bbright top\u00bb rt_bg_attachment=\u00bbscroll\u00bb][vc_column_text]<\/p>\n<p><a href=\"https:\/\/masterclass.unir.net\/\" target=\"_blank\" rel=\"noopener noreferrer\"><img decoding=\"async\" class=\"aligncenter\" src=\"https:\/\/www.aeemt.org\/pruebaweb\/wp-content\/uploads\/2021\/06\/logo-unir.png\" \/><\/a><\/p>\n<p>[\/vc_column_text][\/vc_column][\/vc_row][vc_row rt_row_background_width=\u00bbdefault\u00bb rt_row_style=\u00bbdefault-style\u00bb rt_row_borders=\u00bb\u00bb rt_row_paddings=\u00bbtrue\u00bb rt_bg_effect=\u00bbclassic\u00bb rt_bg_image_repeat=\u00bbrepeat\u00bb rt_bg_size=\u00bbcover\u00bb rt_bg_position=\u00bbright top\u00bb rt_bg_attachment=\u00bbscroll\u00bb rt_bg_video_format=\u00bbself-hosted\u00bb][vc_column rt_wrp_col_paddings=\u00bbfalse\u00bb rt_border_top=\u00bb\u00bb rt_border_bottom=\u00bb\u00bb rt_border_left=\u00bb\u00bb rt_border_right=\u00bb\u00bb rt_border_top_mobile=\u00bb\u00bb rt_border_bottom_mobile=\u00bb\u00bb rt_border_left_mobile=\u00bb\u00bb rt_border_right_mobile=\u00bb\u00bb rt_bg_image_repeat=\u00bbrepeat\u00bb rt_bg_size=\u00bbauto auto\u00bb rt_bg_position=\u00bbright top\u00bb rt_bg_attachment=\u00bbscroll\u00bb][vc_column_text]<\/p>\n<div class=\"clear\"><img loading=\"lazy\" decoding=\"async\" class=\" wp-image-40218 aligncenter\" src=\"https:\/\/www.aeemt.org\/pruebaweb\/wp-content\/uploads\/2021\/06\/20210624_la_empresa_sasludable_como_un_paso_mas_prevencion_de_riesgos_laborales.jpg\" alt=\"\" width=\"1047\" height=\"589\" srcset=\"https:\/\/www.aeemt.org\/web\/wp-content\/uploads\/2021\/06\/20210624_la_empresa_sasludable_como_un_paso_mas_prevencion_de_riesgos_laborales.jpg 1280w, https:\/\/www.aeemt.org\/web\/wp-content\/uploads\/2021\/06\/20210624_la_empresa_sasludable_como_un_paso_mas_prevencion_de_riesgos_laborales-600x338.jpg 600w, https:\/\/www.aeemt.org\/web\/wp-content\/uploads\/2021\/06\/20210624_la_empresa_sasludable_como_un_paso_mas_prevencion_de_riesgos_laborales-300x169.jpg 300w, https:\/\/www.aeemt.org\/web\/wp-content\/uploads\/2021\/06\/20210624_la_empresa_sasludable_como_un_paso_mas_prevencion_de_riesgos_laborales-1024x576.jpg 1024w, https:\/\/www.aeemt.org\/web\/wp-content\/uploads\/2021\/06\/20210624_la_empresa_sasludable_como_un_paso_mas_prevencion_de_riesgos_laborales-768x432.jpg 768w\" sizes=\"(max-width: 1047px) 100vw, 1047px\" \/><\/div>\n<p style=\"text-align: justify;\">El pr\u00f3ximo <strong>24 de junio a las 16 horas (hora espa\u00f1ola)<\/strong>, tendr\u00e1 lugar la openclass: \u201c<strong>La empresa saludable como un paso m\u00e1s en prevenci\u00f3n de riesgos laborales\u201d<\/strong>, con <strong>Luisa Capdevilla<\/strong>, la <strong>doctora Mar\u00eda Victoria Ram\u00edrez<\/strong>, el <strong>doctor Luis Reinoso<\/strong> y la <strong>doctora Te\u00f3fila Vicente.<\/strong><\/p>\n<div class=\"button_wrapper  aligncenter\"><a  href=\"https:\/\/masterclass.unir.net\/openclass\/la-empresa-saludable-como-un-paso-mas-en-prevencion-de-riesgos-laborales.html?utm_source=profesores&amp;utm_medium=open&amp;utm_content=mail&amp;utm_campaign=profesoresunireu_esmailopenclass621ss_goes_pr_open\" target=\"_blank\" title=\"Formulario de Registro\" class=\"button_  default medium\"><strong>Formulario de Registro.<\/strong><\/a><\/div>\n<div class=\"button_wrapper  aligncenter\"><a  href=\"https:\/\/unir.adobeconnect.com\/desarrollosalud\/\" target=\"_blank\" title=\"Acceso openclass. La empresa saludable como un paso m\u00e1s en prevenci\u00f3n de riesgos laborales\" class=\"button_  default medium\"><strong>Acceso openclass. La empresa saludable como un paso m\u00e1s en prevenci\u00f3n de riesgos laborales<\/strong><\/a><\/div>\n<ul>\n<li><strong>El acceso a la openclass estar\u00e1 activo 5 min antes del comienzo de la misma. 16:00 horas. 24 de junio de 2021<\/strong><\/li>\n<\/ul>\n<p style=\"text-align: justify;\">Esta\u00a0<strong>Openlass<\/strong>, sirve de\u00a0presentaci\u00f3n previa\u00a0de la\u00a0<em><strong>asignatura Marco Te\u00f3rico de Organizaci\u00f3n Saludable y Legislaci\u00f3n Comparada<\/strong><\/em>\u00a0del<strong>\u00a0Curso Experto Universitario en Gesti\u00f3n y Organizaci\u00f3n de Empresas Saludables,\u00a0<\/strong>fruto de la colaboraci\u00f3n de la <strong>AEEMT y <a href=\"https:\/\/www.unir.net\/\" target=\"_blank\" rel=\"noopener noreferrer\">UNIR (la Universidad en Internet)<\/a><\/strong> y que tendr\u00e1 <strong>comienzo el d\u00eda 4 de octubre de 2021<\/strong>, con una duraci\u00f3n de <strong>4 meses<\/strong> y un total de <strong>12 cr\u00e9ditos ECTS<\/strong>. Nos es grato comunicaros, que fruto de dicha colaboraci\u00f3n, los <strong>socios de la AEEMT pod\u00e9is acceder a becas y condiciones especiales<\/strong>. Os facilitamos el enlace a continuaci\u00f3n.<\/p>\n<p style=\"text-align: center;\"><a href=\"https:\/\/www.unir.net\/salud\/curso-gestion-empresas-saludables\/?utm_source=varios&amp;utm_medium=aliados&amp;utm_content=varios&amp;utm_campaign=aeemtunireu_es_fundacion\" target=\"_blank\" rel=\"noopener noreferrer\"><img loading=\"lazy\" decoding=\"async\" class=\" wp-image-40866 aligncenter\" src=\"https:\/\/www.aeemt.org\/pruebaweb\/wp-content\/uploads\/2021\/06\/Logo-curso-experto-con-texto.jpg\" alt=\"\" width=\"608\" height=\"342\" srcset=\"https:\/\/www.aeemt.org\/web\/wp-content\/uploads\/2021\/06\/Logo-curso-experto-con-texto.jpg 960w, https:\/\/www.aeemt.org\/web\/wp-content\/uploads\/2021\/06\/Logo-curso-experto-con-texto-600x338.jpg 600w, https:\/\/www.aeemt.org\/web\/wp-content\/uploads\/2021\/06\/Logo-curso-experto-con-texto-300x169.jpg 300w, https:\/\/www.aeemt.org\/web\/wp-content\/uploads\/2021\/06\/Logo-curso-experto-con-texto-768x432.jpg 768w\" sizes=\"(max-width: 608px) 100vw, 608px\" \/><\/a><\/p>\n<p style=\"text-align: center;\"><div class=\"button_wrapper  aligncenter\"><a  href=\"https:\/\/www.unir.net\/salud\/curso-gestion-empresas-saludables\/?utm_source=varios&amp;utm_medium=aliados&amp;utm_content=varios&amp;utm_campaign=aeemtunireu_es_fundacion\" target=\"_blank\" title=\"Experto Universitario en Gesti\u00f3n y Organizaci\u00f3n de Empresas Saludables. 4 de octubre 2021. Informaci\u00f3n y becas. Matr\u00edcula abierta\" class=\"button_  default medium\"><strong>Experto Universitario en Gesti\u00f3n y Organizaci\u00f3n de Empresas Saludables. 4 de octubre 2021. Informaci\u00f3n y becas. Matr\u00edcula abierta<\/strong><\/a><\/div>\n<p>La Organizaci\u00f3n Mundial de la Salud (OMS, 1998) define la <strong>promoci\u00f3n de salud<\/strong> como el proceso que permite a las personas incrementar su control sobre los determinantes de la salud y, en consecuencia, mejorarla. A\u00f1ade al t\u00e9rmino cl\u00e1sico de Salud Ocupacional referido a la protecci\u00f3n de la salud, el de Promoci\u00f3n de la Salud para definir el <strong>Entorno Laboral Saludable<\/strong>. La salud es considerada como un medio para llegar a un fin, un recurso que permite a las personas un estado de bienestar f\u00edsico, mental y social. Se trata de un proceso global, que implica a estamentos pol\u00edticos y sociales, y abarca, no solamente acciones puntuales para fortalecer habilidades y capacidades, sino tambi\u00e9n acciones estructurales arraigadas en la cultura y sentidas como propias para mejorar las condiciones sociales, ambientales y econ\u00f3micas, que mejoran tanto la salud p\u00fablica, como la individual.<\/p>\n<p>Durante esta sesi\u00f3n, se hablar\u00e1 sobre el desarrollo de <strong>programas de promoci\u00f3n de la salud<\/strong> desde las empresas, que ofrecen la posibilidad de llegar a gran parte de la poblaci\u00f3n adulta. Al mismo tiempo, modificar h\u00e1bitos y estilos de vida adquiridos en el trabajo facilitar\u00e1 hacerlos extensivos tambi\u00e9n fuera de \u00e9l y trasladarlo a las familias y la sociedad.<\/p>\n<p><strong>Luisa Capdevilla<\/strong> es especialista en Medicina del Trabajo y en Medicina Familiar y Comunitaria y t\u00e9cnico superior en prevenci\u00f3n de riesgos laborales (PRL) en Higiene Industrial, Seguridad en el Trabajo y en Ergonom\u00eda y Psicosociolog\u00eda. En la actualidad presta servicio de prevenci\u00f3n de MAPFRE.<\/p>\n<p>La <strong>doctora Mar\u00eda Victoria Ram\u00edrez<\/strong> es especialista en medicina del trabajo, t\u00e9cnico superior en prevenci\u00f3n de riesgos laborales (PRL) y auditora interna en PRL. Adem\u00e1s, es responsable de la UBS de Albacete y Cuenca del SPP de Correos y coordinadora de medicina del trabajo del SPA ITEM-prevenci\u00f3n.<\/p>\n<p>Para seguir la sesi\u00f3n de manera <strong>online<\/strong>, inscr\u00edbete en la formulario de la derecha y <strong>deja tus preguntas<\/strong> y especialidad profesional.<\/p>\n<p>Duraci\u00f3n: <strong>45 minutos<\/strong>.<\/p>\n<div class=\"button_wrapper  aligncenter\"><a  href=\"https:\/\/masterclass.unir.net\/openclass\/la-empresa-saludable-como-un-paso-mas-en-prevencion-de-riesgos-laborales.html?utm_source=profesores&amp;utm_medium=open&amp;utm_content=mail&amp;utm_campaign=profesoresunireu_esmailopenclass621ss_goes_pr_open\" target=\"_blank\" title=\"Formulario de Registro\" class=\"button_  default medium\"><strong>Formulario de Registro.<\/strong><\/a><\/div>\n<div class=\"button_wrapper  aligncenter\"><a  href=\"https:\/\/unir.adobeconnect.com\/desarrollosalud\/\" target=\"_blank\" title=\"Acceso openclass. La empresa saludable como un paso m\u00e1s en prevenci\u00f3n de riesgos laborales\" class=\"button_  default medium\"><strong>Acceso openclass. La empresa saludable como un paso m\u00e1s en prevenci\u00f3n de riesgos laborales<\/strong><\/a><\/div>\n<ul>\n<li><strong>El acceso a la openclass estar\u00e1 activo 5 min antes del comienzo de la misma. 16:00 horas. 24 de junio de 2021<\/strong><\/li>\n<\/ul>\n<p>&nbsp;<\/p>\n<p>[\/vc_column_text][\/vc_column][\/vc_row]<\/p>\n","protected":false},"excerpt":{"rendered":"<p>[vc_row rt_row_background_width=\u00bbdefault\u00bb rt_row_style=\u00bbdefault-style\u00bb rt_row_borders=\u00bb\u00bb rt_row_paddings=\u00bbtrue\u00bb rt_bg_effect=\u00bbclassic\u00bb rt_bg_image_repeat=\u00bbrepeat\u00bb rt_bg_size=\u00bbcover\u00bb rt_bg_position=\u00bbright top\u00bb rt_bg_attachment=\u00bbscroll\u00bb rt_bg_video_format=\u00bbself-hosted\u00bb][vc_column width=\u00bb1\/2&#8243; rt_wrp_col_paddings=\u00bbfalse\u00bb rt_border_top=\u00bb\u00bb rt_border_bottom=\u00bb\u00bb rt_border_left=\u00bb\u00bb rt_border_right=\u00bb\u00bb rt_border_top_mobile=\u00bb\u00bb rt_border_bottom_mobile=\u00bb\u00bb rt_border_left_mobile=\u00bb\u00bb rt_border_right_mobile=\u00bb\u00bb rt_bg_image_repeat=\u00bbrepeat\u00bb rt_bg_size=\u00bbauto auto\u00bb rt_bg_position=\u00bbright top\u00bb rt_bg_attachment=\u00bbscroll\u00bb][vc_column_text] Organiza [\/vc_column_text][\/vc_column][vc_column [&hellip;]<\/p>\n","protected":false},"author":1,"featured_media":40218,"comment_status":"closed","ping_status":"open","sticky":false,"template":"","format":"standard","meta":{"footnotes":""},"categories":[20,24,27,28,34,37],"tags":[],"class_list":["post-40216","post","type-post","status-publish","format-standard","has-post-thumbnail","hentry","category-comunicados-de-la-aeemt","category-comunicados-para-asociados","category-eventos-de-interes","category-formacion","category-grupo-funcional-promocion-de-la-salud","category-noticias-de-medicina"],"_links":{"self":[{"href":"https:\/\/www.aeemt.org\/web\/wp-json\/wp\/v2\/posts\/40216"}],"collection":[{"href":"https:\/\/www.aeemt.org\/web\/wp-json\/wp\/v2\/posts"}],"about":[{"href":"https:\/\/www.aeemt.org\/web\/wp-json\/wp\/v2\/types\/post"}],"author":[{"embeddable":true,"href":"https:\/\/www.aeemt.org\/web\/wp-json\/wp\/v2\/users\/1"}],"replies":[{"embeddable":true,"href":"https:\/\/www.aeemt.org\/web\/wp-json\/wp\/v2\/comments?post=40216"}],"version-history":[{"count":0,"href":"https:\/\/www.aeemt.org\/web\/wp-json\/wp\/v2\/posts\/40216\/revisions"}],"wp:featuredmedia":[{"embeddable":true,"href":"https:\/\/www.aeemt.org\/web\/wp-json\/wp\/v2\/media\/40218"}],"wp:attachment":[{"href":"https:\/\/www.aeemt.org\/web\/wp-json\/wp\/v2\/media?parent=40216"}],"wp:term":[{"taxonomy":"category","embeddable":true,"href":"https:\/\/www.aeemt.org\/web\/wp-json\/wp\/v2\/categories?post=40216"},{"taxonomy":"post_tag","embeddable":true,"href":"https:\/\/www.aeemt.org\/web\/wp-json\/wp\/v2\/tags?post=40216"}],"curies":[{"name":"wp","href":"https:\/\/api.w.org\/{rel}","templated":true}]}}